{"id":1031,"date":"2010-12-25T08:00:41","date_gmt":"2010-12-25T07:00:41","guid":{"rendered":"http:\/\/xn--freiewhlerbarleben-qtb.de\/blog\/?p=1031"},"modified":"2010-12-25T08:00:41","modified_gmt":"2010-12-25T07:00:41","slug":"finanzieller-wahnsinn-das-barleber-ratsel","status":"publish","type":"post","link":"http:\/\/freiewaehlerbarleben.de\/?p=1031","title":{"rendered":"\u201eFinanzieller Wahnsinn\u201c &#8211; das Barleber R\u00e4tsel"},"content":{"rendered":"<p>Zum Jahresende m\u00f6chten wir den Barleber B\u00fcrgern gerne noch folgende R\u00e4tselnuss zu knacken geben: <strong><em><br \/>\nWas wurde von B\u00fcrgermeister F.-U. Keindorff als \u201efinanzieller Wahnsinn\u201c bezeichnet?<\/em><\/strong><\/p>\n<blockquote><p>War es:<\/p>\n<p><strong>(A)<\/strong> das 2010 in der Gemeinde eingerichtete Amt \u201eInternationale Zusammenarbeit\u201c (Frau Lydia Kr\u00fcger),<br \/>\n<strong>(B)<\/strong> die f\u00fcr 2011 geplante \u00dcberdachung des Hofes der Mittellandhalle,<br \/>\n<strong>(C)<\/strong> die f\u00fcr 2011 geplanten Edelstahlstelen \u201eSt\u00e4dtepartnerschaften\u201c in jeder Ortschaft,<br \/>\n<strong>(D)<\/strong> die Computer gesteuerten Wasser- und Lichtspiele auf dem Breiteweg oder<br \/>\n<strong>(E)<\/strong> der Vorschlag, ein beitragsfreies Vorschul-Kindergartenjahr f\u00fcr Barleber Kinder einzuf\u00fchren.<\/p><\/blockquote>\n<p>Die richtige Antwort finden Sie hier:<br \/>\n<!--more--><br \/>\nJa, Sie haben es sicherlich erraten, die <strong>Antwort E<\/strong> ist richtig. Gratulation f\u00fcr Ihren kommunalpolitischen Sachverstand!<br \/>\nDieser von unserer Fraktion eingebrachte Vorschlag ist vom B\u00fcrgermeister in der Gemeinderatssitzung am 16.12.2010 als \u201efinanzieller Wahnsinn\u201c abgetan worden. Die Ratsherren K. Fischer, R. Gagelmann (Die Linke) sowie M. Lange (SPD) sprachen sich ebenfalls f\u00fcr diesen Vorschlag aus, der dann jedoch <strong>mehrheitlich abgelehnt<\/strong> wurde.<br \/>\nSollten wir da nicht dankbar sein f\u00fcr die kr\u00e4ftezehrenden Bem\u00fchungen unseres B\u00fcrgermeisters und seiner FDP-Fraktion, die Barleber Kommunalpolitik in die richtige Richtung zu lenken? Es w\u00e4re doch schlimm, wenn man in Barleben das Geld des Steuerzahlers verschwenden w\u00fcrde.<\/p>\n","protected":false},"excerpt":{"rendered":"<p>Zum Jahresende m\u00f6chten wir den Barleber B\u00fcrgern gerne noch folgende R\u00e4tselnuss zu knacken geben: Was wurde von B\u00fcrgermeister F.-U. Keindorff als \u201efinanzieller Wahnsinn\u201c bezeichnet? War es: (A) das 2010 in der Gemeinde eingerichtete Amt \u201eInternationale Zusammenarbeit\u201c (Frau Lydia Kr\u00fcger), (B) die f\u00fcr 2011 geplante \u00dcberdachung des Hofes der Mittellandhalle, (C) die f\u00fcr 2011 geplanten Edelstahlstelen [&hellip;]<\/p>\n","protected":false},"author":3,"featured_media":0,"comment_status":"open","ping_status":"open","sticky":false,"template":"","format":"standard","meta":{"footnotes":""},"categories":[2],"tags":[115],"class_list":["post-1031","post","type-post","status-publish","format-standard","hentry","category-gemeinderat","tag-wahnsinn"],"_links":{"self":[{"href":"http:\/\/freiewaehlerbarleben.de\/index.php?rest_route=\/wp\/v2\/posts\/1031","targetHints":{"allow":["GET"]}}],"collection":[{"href":"http:\/\/freiewaehlerbarleben.de\/index.php?rest_route=\/wp\/v2\/posts"}],"about":[{"href":"http:\/\/freiewaehlerbarleben.de\/index.php?rest_route=\/wp\/v2\/types\/post"}],"author":[{"embeddable":true,"href":"http:\/\/freiewaehlerbarleben.de\/index.php?rest_route=\/wp\/v2\/users\/3"}],"replies":[{"embeddable":true,"href":"http:\/\/freiewaehlerbarleben.de\/index.php?rest_route=%2Fwp%2Fv2%2Fcomments&post=1031"}],"version-history":[{"count":0,"href":"http:\/\/freiewaehlerbarleben.de\/index.php?rest_route=\/wp\/v2\/posts\/1031\/revisions"}],"wp:attachment":[{"href":"http:\/\/freiewaehlerbarleben.de\/index.php?rest_route=%2Fwp%2Fv2%2Fmedia&parent=1031"}],"wp:term":[{"taxonomy":"category","embeddable":true,"href":"http:\/\/freiewaehlerbarleben.de\/index.php?rest_route=%2Fwp%2Fv2%2Fcategories&post=1031"},{"taxonomy":"post_tag","embeddable":true,"href":"http:\/\/freiewaehlerbarleben.de\/index.php?rest_route=%2Fwp%2Fv2%2Ftags&post=1031"}],"curies":[{"name":"wp","href":"https:\/\/api.w.org\/{rel}","templated":true}]}}