{"id":1107,"date":"2011-02-28T18:52:56","date_gmt":"2011-02-28T17:52:56","guid":{"rendered":"http:\/\/xn--freiewhlerbarleben-qtb.de\/blog\/?p=1107"},"modified":"2013-02-24T12:00:22","modified_gmt":"2013-02-24T11:00:22","slug":"neues-aus-der-anstalt","status":"publish","type":"post","link":"http:\/\/freiewaehlerbarleben.de\/?p=1107","title":{"rendered":"Neues aus der Anstalt"},"content":{"rendered":"<p style=\"text-align: justify;\">A<span style=\"font-family: Arial, sans-serif;\">m Rosenmontag den 07.03.2011 wird auch in Barleben der H\u00f6hepunkt der Narrenzeit begangen, an diesem Tag f\u00e4llt die Entscheidung ob, das Hauptorgan der gew\u00e4hlte Gemeinderat von einer Anstalt abgel\u00f6st wird oder nicht! <\/span><\/p>\n<p style=\"text-align: justify;\"><span style=\"color: #000000;\"><span style=\"font-family: Arial, sans-serif;\">Dazu findet aber an diesem n\u00e4rrischen Tag ab 17.00 Uhr, im Ratssaal der Ortschaft Barleben kein Rosenmontagsumzug statt, sondern Sitzungen am laufenden Band. <\/span><\/span><span style=\"color: #000000;\"><span style=\"font-family: Arial, sans-serif;\">Zu einem einzigen Thema, der <\/span><\/span><span style=\"font-family: Arial, sans-serif;\">Beschlussfassung zur Gr\u00fcndung der Anstalt \u00f6ffentlichen Rechts (A\u00f6R). Die urspr\u00fcnglich geplante Beschlussfassung f\u00fcr den 01.3.2011 musste wegen Formalien abgesetzt werden.<!--more--><br \/>\n<\/span><span style=\"font-family: Arial, sans-serif;\">Jetzt will der B\u00fcrgermeister den Beschluss im Hauruck-Verfahren durch alle Aussch\u00fcsse jagen, unter Ausnutzung der Abwesenheit eines kompetenten Gemeinderatsmitgliedes, mit Erfahrung bei Gr\u00fcndung einer A\u00f6R.<br \/>\n<\/span><span style=\"font-family: Arial, sans-serif;\">Von Vorbereitung in den Aussch\u00fcssen als Entscheidungsgrundlage f\u00fcr den Gemeinderat kann hierbei wohl keine Rede mehr sein. Die Handlungsweise macht den Eindruck als sein Gefahr im Verzug. Je nach Standpunkt, wird das wohl auch angenommen \ud83d\ude09<\/span><\/p>\n<p style=\"text-align: justify;\"><span style=\"font-family: Arial, sans-serif;\">Ob der Tag f\u00fcr die \u00fcberst\u00fcrzt einberufenen (au\u00dferplanm\u00e4\u00dfigen) Sitzungen so gut gew\u00e4hlt wurde, wird sich zeigen. In jedem Fall gibt es Gemeinsamkeiten zwischen Karnevalisten und Politikern, e<\/span><span style=\"color: #000000;\"><span style=\"font-family: Arial, sans-serif;\">ine ist, dass tragen von Masken, damit der B\u00fcrger nicht erkennt, was da hinter wirklich steckt und wie Ernst die Lage ist.\u00a0 Ich habe mir mal Gedanken gemacht wie die Geschichte weitergehen k\u00f6nnte. Dabei nehme ich an, das meine Phantasie ausreicht eine m\u00f6gliche Situation zu erfinden.<\/span><\/span><\/p>\n<p style=\"text-align: center;\"><span style=\"color: #000000;\"><span style=\"font-family: Arial, sans-serif;\"><a href=\"http:\/\/www.freiewaehlerbarleben.de\/blogneu\/wp-content\/uploads\/2011\/02\/PhantasieGr\u00fcndungDerAnstalt.jpg\"><img loading=\"lazy\" decoding=\"async\" width=\"863\" height=\"520\" class=\"aligncenter  wp-image-1109\" title=\"PhantasieGr\u00fcndungDerAnstalt\" alt=\"\" src=\"http:\/\/www.freiewaehlerbarleben.de\/wp-content\/uploads\/2011\/02\/PhantasieGr\u00fcndungDerAnstalt.jpg\" srcset=\"http:\/\/freiewaehlerbarleben.de\/wp-content\/uploads\/2011\/02\/PhantasieGr\u00fcndungDerAnstalt.jpg 863w, http:\/\/freiewaehlerbarleben.de\/wp-content\/uploads\/2011\/02\/PhantasieGr\u00fcndungDerAnstalt-300x180.jpg 300w\" sizes=\"auto, (max-width: 863px) 100vw, 863px\" \/><\/a><\/span><\/span><\/p>\n<blockquote>\n<p style=\"text-align: justify;\">\u00a0 \u201e<span style=\"font-family: Andalus, Times New Roman, serif;\"><em>Ulli ich gehe jetzt auf meinen Anstaltsposten &#8211; Wie du siehst, haben wir alles erfolgreich\u00a0aus dem unmittelbaren Einflussbereich des Rates ausgegliedert. Zum Gl\u00fcck hat keiner nach dem Verm\u00f6genswert der Anlagen gefragt und das der Personalrat erst nach erfolgter &#8222;R\u00e4umung&#8220; gefragt wird hat auch keiner gemerkt.<br \/>\nJ\u00f6rg du bist <\/em><\/span><span style=\"font-family: Andalus, Times New Roman, serif;\"><em>wirklich ein ganz Schlauer. Den Vorstandsposten hast du dir echt\u00a0verdient.\u00a0 <\/em><\/span><span style=\"font-family: Andalus, Times New Roman, serif;\"><em>Ulli du bleibst noch und k\u00fcmmerst dich um das verbleibende Kerngesch\u00e4ft (Geldbeschaffung f\u00fcr die Anstalt). Ach und denk daran, hierf\u00fcr ist der demokratisch gew\u00e4hlte Rat noch zust\u00e4ndig.<\/em><\/span><\/p>\n<\/blockquote>\n","protected":false},"excerpt":{"rendered":"<p>Am Rosenmontag den 07.03.2011 wird auch in Barleben der H\u00f6hepunkt der Narrenzeit begangen, an diesem Tag f\u00e4llt die Entscheidung ob, das Hauptorgan der gew\u00e4hlte Gemeinderat von einer Anstalt abgel\u00f6st wird oder nicht! Dazu findet aber an diesem n\u00e4rrischen Tag ab 17.00 Uhr, im Ratssaal der Ortschaft Barleben kein Rosenmontagsumzug statt, sondern Sitzungen am laufenden Band. [&hellip;]<\/p>\n","protected":false},"author":5,"featured_media":0,"comment_status":"open","ping_status":"open","sticky":false,"template":"","format":"standard","meta":{"footnotes":""},"categories":[2,8],"tags":[13,121],"class_list":["post-1107","post","type-post","status-publish","format-standard","hentry","category-gemeinderat","category-uncategorized","tag-aor","tag-zahlemannsohne"],"_links":{"self":[{"href":"http:\/\/freiewaehlerbarleben.de\/index.php?rest_route=\/wp\/v2\/posts\/1107","targetHints":{"allow":["GET"]}}],"collection":[{"href":"http:\/\/freiewaehlerbarleben.de\/index.php?rest_route=\/wp\/v2\/posts"}],"about":[{"href":"http:\/\/freiewaehlerbarleben.de\/index.php?rest_route=\/wp\/v2\/types\/post"}],"author":[{"embeddable":true,"href":"http:\/\/freiewaehlerbarleben.de\/index.php?rest_route=\/wp\/v2\/users\/5"}],"replies":[{"embeddable":true,"href":"http:\/\/freiewaehlerbarleben.de\/index.php?rest_route=%2Fwp%2Fv2%2Fcomments&post=1107"}],"version-history":[{"count":2,"href":"http:\/\/freiewaehlerbarleben.de\/index.php?rest_route=\/wp\/v2\/posts\/1107\/revisions"}],"predecessor-version":[{"id":2222,"href":"http:\/\/freiewaehlerbarleben.de\/index.php?rest_route=\/wp\/v2\/posts\/1107\/revisions\/2222"}],"wp:attachment":[{"href":"http:\/\/freiewaehlerbarleben.de\/index.php?rest_route=%2Fwp%2Fv2%2Fmedia&parent=1107"}],"wp:term":[{"taxonomy":"category","embeddable":true,"href":"http:\/\/freiewaehlerbarleben.de\/index.php?rest_route=%2Fwp%2Fv2%2Fcategories&post=1107"},{"taxonomy":"post_tag","embeddable":true,"href":"http:\/\/freiewaehlerbarleben.de\/index.php?rest_route=%2Fwp%2Fv2%2Ftags&post=1107"}],"curies":[{"name":"wp","href":"https:\/\/api.w.org\/{rel}","templated":true}]}}