{"id":1123,"date":"2011-03-08T19:46:08","date_gmt":"2011-03-08T18:46:08","guid":{"rendered":"http:\/\/xn--freiewhlerbarleben-qtb.de\/blog\/?p=1123"},"modified":"2013-02-24T11:56:13","modified_gmt":"2013-02-24T10:56:13","slug":"keine-anstalt-in-barleben","status":"publish","type":"post","link":"http:\/\/freiewaehlerbarleben.de\/?p=1123","title":{"rendered":"Keine Anstalt in Barleben !"},"content":{"rendered":"<p style=\"text-align: justify;\">Wenn es um die Ablehnung einer Badeanstalt gegangen w\u00e4re, h\u00e4tte es\u00a0mehr Entt\u00e4uschung in mir ausgel\u00f6st.<br \/>\nSo ist der Versuch, mit einer Schnellaktion im Urlaub von Edgar Appenrodt vollendete Tatsachen zu schaffen, gestern Abend an der Vernunft der Mehrheit gescheitert. Ob das einen Umkehrschlu\u00df zul\u00e4sst und des sich bei den Angreifern nicht um Vern\u00fcftige handelt m\u00f6chte ich von Elbm\u00fcndung aus gesehen nicht beantworten. Bei so vielen unklaren aber wichtigen Details eine solche Entscheidung durchbringen zu wollen, kann ich nicht als intelligent im Sinne des Gemeindewohls einstufen.<\/p>\n<p style=\"text-align: justify;\">Ich freue mich aber das es eine Mehrheit gegen Hr. Keindorff in Barleben geben konnte.<br \/>\nEinen qualifizierteren Bericht wird es an dieser Stelle in K\u00fcrze noch geben. Ich sitze dazu leider zu weit auf den hinteren R\u00e4ngen hier in Hamburg.<\/p>\n","protected":false},"excerpt":{"rendered":"<p>Wenn es um die Ablehnung einer Badeanstalt gegangen w\u00e4re, h\u00e4tte es\u00a0mehr Entt\u00e4uschung in mir ausgel\u00f6st. So ist der Versuch, mit einer Schnellaktion im Urlaub von Edgar Appenrodt vollendete Tatsachen zu schaffen, gestern Abend an der Vernunft der Mehrheit gescheitert. Ob das einen Umkehrschlu\u00df zul\u00e4sst und des sich bei den Angreifern nicht um Vern\u00fcftige handelt m\u00f6chte [&hellip;]<\/p>\n","protected":false},"author":2,"featured_media":0,"comment_status":"open","ping_status":"open","sticky":false,"template":"","format":"standard","meta":{"footnotes":""},"categories":[2],"tags":[12],"class_list":["post-1123","post","type-post","status-publish","format-standard","hentry","category-gemeinderat","tag-anstaltoffentlichenrechts"],"_links":{"self":[{"href":"http:\/\/freiewaehlerbarleben.de\/index.php?rest_route=\/wp\/v2\/posts\/1123","targetHints":{"allow":["GET"]}}],"collection":[{"href":"http:\/\/freiewaehlerbarleben.de\/index.php?rest_route=\/wp\/v2\/posts"}],"about":[{"href":"http:\/\/freiewaehlerbarleben.de\/index.php?rest_route=\/wp\/v2\/types\/post"}],"author":[{"embeddable":true,"href":"http:\/\/freiewaehlerbarleben.de\/index.php?rest_route=\/wp\/v2\/users\/2"}],"replies":[{"embeddable":true,"href":"http:\/\/freiewaehlerbarleben.de\/index.php?rest_route=%2Fwp%2Fv2%2Fcomments&post=1123"}],"version-history":[{"count":1,"href":"http:\/\/freiewaehlerbarleben.de\/index.php?rest_route=\/wp\/v2\/posts\/1123\/revisions"}],"predecessor-version":[{"id":2220,"href":"http:\/\/freiewaehlerbarleben.de\/index.php?rest_route=\/wp\/v2\/posts\/1123\/revisions\/2220"}],"wp:attachment":[{"href":"http:\/\/freiewaehlerbarleben.de\/index.php?rest_route=%2Fwp%2Fv2%2Fmedia&parent=1123"}],"wp:term":[{"taxonomy":"category","embeddable":true,"href":"http:\/\/freiewaehlerbarleben.de\/index.php?rest_route=%2Fwp%2Fv2%2Fcategories&post=1123"},{"taxonomy":"post_tag","embeddable":true,"href":"http:\/\/freiewaehlerbarleben.de\/index.php?rest_route=%2Fwp%2Fv2%2Ftags&post=1123"}],"curies":[{"name":"wp","href":"https:\/\/api.w.org\/{rel}","templated":true}]}}