{"id":252,"date":"2009-12-21T22:40:09","date_gmt":"2009-12-21T21:40:09","guid":{"rendered":"http:\/\/xn--freiewhlerbarleben-qtb.de\/blog\/?p=252"},"modified":"2013-02-24T13:05:28","modified_gmt":"2013-02-24T12:05:28","slug":"eddis-welt","status":"publish","type":"post","link":"http:\/\/freiewaehlerbarleben.de\/?p=252","title":{"rendered":"Eddi&#8217;s Welt"},"content":{"rendered":"<p><img loading=\"lazy\" decoding=\"async\" width=\"42\" height=\"88\" class=\" wp-image-253 alignleft\" title=\"Eddi\" alt=\"Eddi\" src=\"http:\/\/www.freiewaehlerbarleben.de\/wp-content\/uploads\/2009\/12\/Eddi.jpg\" \/><\/p>\n<p>Hallo Barleben, darf ich Ihnen Eddi vorstellen.<\/p>\n<p>Eddi ist ein braves Barleber-Strichm\u00e4nchen. Eddi hat nicht den Anspruch eine Sch\u00f6nheit zu sein. Daf\u00fcr gibt es andere, richtig wichtige Leute hier in Barleben, den \u00fcberl\u00e4sst Eddi diese Aufgabe. Eddi ist flei\u00dfig auf dieser Internetseite unterwegs um Ihnen gelegentlich ein Schmunzeln zu entlocken. Er wird Sie auf Kleinigkeiten hinweisen aber auch auf gro\u00dfe Ereignisse zeigen. Eddi ist zwar ein kleiner Typ, er hat aber alles was es braucht, um in der Welt der Ja-Sager und der noch wenigen Mit-Denker sich zu positionieren. Eddi ist nur ein Strichm\u00e4nnchen, aber wie Sie beim genauen Hinsehen erkennen k\u00f6nnen, es fehlen die Schn\u00fcre. Er ist keine Marionette! Er leistet sich den Luxus einer eigenen Meinung. Wir werden sehen was Eddi in der Zukunft so vor hat.<\/p>\n<p>Ich w\u00fcnsche Eddi auf jeden Fall einen guten Start in sein Leben auf dieser Seite.<\/p>\n","protected":false},"excerpt":{"rendered":"<p>Hallo Barleben, darf ich Ihnen Eddi vorstellen. Eddi ist ein braves Barleber-Strichm\u00e4nchen. Eddi hat nicht den Anspruch eine Sch\u00f6nheit zu sein. Daf\u00fcr gibt es andere, richtig wichtige Leute hier in Barleben, den \u00fcberl\u00e4sst Eddi diese Aufgabe. Eddi ist flei\u00dfig auf dieser Internetseite unterwegs um Ihnen gelegentlich ein Schmunzeln zu entlocken. Er wird Sie auf Kleinigkeiten [&hellip;]<\/p>\n","protected":false},"author":2,"featured_media":0,"comment_status":"open","ping_status":"open","sticky":false,"template":"","format":"standard","meta":{"footnotes":""},"categories":[1],"tags":[39,63,79],"class_list":["post-252","post","type-post","status-publish","format-standard","hentry","category-allgemein","tag-eddi","tag-ja-sager","tag-mit-denker"],"_links":{"self":[{"href":"http:\/\/freiewaehlerbarleben.de\/index.php?rest_route=\/wp\/v2\/posts\/252","targetHints":{"allow":["GET"]}}],"collection":[{"href":"http:\/\/freiewaehlerbarleben.de\/index.php?rest_route=\/wp\/v2\/posts"}],"about":[{"href":"http:\/\/freiewaehlerbarleben.de\/index.php?rest_route=\/wp\/v2\/types\/post"}],"author":[{"embeddable":true,"href":"http:\/\/freiewaehlerbarleben.de\/index.php?rest_route=\/wp\/v2\/users\/2"}],"replies":[{"embeddable":true,"href":"http:\/\/freiewaehlerbarleben.de\/index.php?rest_route=%2Fwp%2Fv2%2Fcomments&post=252"}],"version-history":[{"count":1,"href":"http:\/\/freiewaehlerbarleben.de\/index.php?rest_route=\/wp\/v2\/posts\/252\/revisions"}],"predecessor-version":[{"id":2280,"href":"http:\/\/freiewaehlerbarleben.de\/index.php?rest_route=\/wp\/v2\/posts\/252\/revisions\/2280"}],"wp:attachment":[{"href":"http:\/\/freiewaehlerbarleben.de\/index.php?rest_route=%2Fwp%2Fv2%2Fmedia&parent=252"}],"wp:term":[{"taxonomy":"category","embeddable":true,"href":"http:\/\/freiewaehlerbarleben.de\/index.php?rest_route=%2Fwp%2Fv2%2Fcategories&post=252"},{"taxonomy":"post_tag","embeddable":true,"href":"http:\/\/freiewaehlerbarleben.de\/index.php?rest_route=%2Fwp%2Fv2%2Ftags&post=252"}],"curies":[{"name":"wp","href":"https:\/\/api.w.org\/{rel}","templated":true}]}}