{"id":3699,"date":"2024-05-08T06:24:06","date_gmt":"2024-05-08T04:24:06","guid":{"rendered":"http:\/\/freiewaehlerbarleben.de\/?p=3699"},"modified":"2024-05-17T14:47:29","modified_gmt":"2024-05-17T12:47:29","slug":"radweg-verhindert","status":"publish","type":"post","link":"http:\/\/freiewaehlerbarleben.de\/?p=3699","title":{"rendered":"Radweg verhindert!"},"content":{"rendered":"<div class='content-column one_half'><div style=\"padding-right:10px;\"><p style=\"text-align: justify;\">Endlich sollte im S\u00fcden des Breiteweges ein Geh- und Radweg gebaut werden. Wenn da nicht zwei gro\u00dfe Kastanien w\u00e4ren, an denen der Weg vorbeif\u00fchren kann. So empfahl es schon 2023 die Verwaltung in einer Beschlussvorlage. Auch ein unabh\u00e4ngiges Gutachten sah die B\u00e4ume als erhaltenswert mit einer Lebenszeit von mehr als 40 Jahren an.<\/p>\n<p style=\"text-align: justify;\">Die Wichtigkeit solcher Gro\u00dfb\u00e4ume f\u00fcr das Ortsklima sollte mittlerweile vielen B\u00fcrgern bekannt sein. Wohl nicht der Mehrheit der Ortschafts- und Gemeinder\u00e4te. Au\u00dfer unserer Fraktion stimmten damals CDU, SPD\/LINKE und FDP unter teils fadenscheinigen Argumenten dagegen, diese B\u00e4ume zu erhalten.<\/p>\n<p style=\"text-align: justify;\">Nun musste bei der weiteren Planung aber das Okay des Landkreises (Naturschutzbeh\u00f6rde) eingeholt werden. Diese wies auf den gesetzlich geregelten Schutz des Naturdenkmals \u201eLinden-Kastanien-Allee\u201c hin, der im Nordabschnitt auch durch Verwaltungsgerichtsurteil best\u00e4tigt war. Daraufhin sah man im Ortschaftsrat Barleben die Sache pragmatisch und stimmte einer Geh- und Radwegef\u00fchrung unter Erhalt der B\u00e4ume zu. Nun kam am 7.5.2024 im Gemeinderat die Planung erneut, jetzt mit dem Erhalt der B\u00e4ume, zur Abstimmung.<br \/>\n(<strong>NACHTRAG<\/strong>: Redebeitr\u00e4ge Gemeinderat, <a href=\"https:\/\/youtu.be\/NRAMN05d3eM?t=1126\" target=\"_blank\" rel=\"noopener\">siehe GemeinderatsTV<\/a>)<\/p><\/div><\/div>\n<div class='content-column one_half last_column'><div style=\"padding-right:0px;padding-left:10px;\"><p><a href=\"http:\/\/freiewaehlerbarleben.de\/wp-content\/uploads\/2024\/05\/Kastanie-BreitewegSued.png\"><img loading=\"lazy\" decoding=\"async\" class=\"size-full wp-image-3700 aligncenter\" src=\"http:\/\/freiewaehlerbarleben.de\/wp-content\/uploads\/2024\/05\/Kastanie-BreitewegSued.png\" alt=\"\" width=\"392\" height=\"382\" srcset=\"http:\/\/freiewaehlerbarleben.de\/wp-content\/uploads\/2024\/05\/Kastanie-BreitewegSued.png 392w, http:\/\/freiewaehlerbarleben.de\/wp-content\/uploads\/2024\/05\/Kastanie-BreitewegSued-300x292.png 300w\" sizes=\"auto, (max-width: 392px) 100vw, 392px\" \/><\/a><br \/><\/div><\/div><div class='clear_column'><\/div>\n<p><!--more--><\/p>\n<div class='content-column one_half'><div style=\"padding-right:10px;\"><p style=\"text-align: justify;\">Schon in der vorgelagerten Hauptausschusssitzung erkl\u00e4rten Herr F.-U. Keindorff (FDP) und Herr R. L\u00fcder (SPD), dass sie dieser Ausf\u00fchrung auf keinen Fall zustimmen w\u00fcrden. Besonders Herr L\u00fcder ereiferte sich durch mehrere Redebeitr\u00e4ge im GR, die Kompetenz des Gutachters aber auch die der Verwaltung in Frage zu stellen. Alle etablierten Parteien CDU, SPD\/LINKE und FDP stimmten daraufhin im Gemeinderat gegen die Beschlussvorlage und das Votum des Ortschaftsrates.<\/p>\n<p style=\"text-align: justify;\"><strong>Nur unsere Fraktion (und der B\u00fcrgermeister!) stimmten daf\u00fcr<\/strong>. Somit wurde mit 7 zu 8 Stimmen bei 2 Enthaltungen die Planung abgelehnt!<br \/><\/div><\/div>\n<div class='content-column one_half last_column'><div style=\"padding-right:0px;padding-left:10px;\"><p style=\"text-align: justify;\"><strong>Fazit:<\/strong> Durch fehlende Einsicht, wird jetzt kein Geh- und Radweg gebaut, nicht, weil das an den B\u00e4umen scheitern w\u00fcrde, sondern am Willen der politischen Akteure und deren Unf\u00e4higkeit Kompromissen zuzustimmenn. Die katastrophale Situation vor Ort bleibt also trotz eingestellter Haushaltsmittel weiter bestehen, die B\u00e4ume auch!<\/p>\n<p style=\"text-align: justify;\">Nachfolgend ein Ausschnitt aus der Planungsskizze, die zeigt, dass die Radwegef\u00fchrung um die B\u00e4ume kein Problem gewesen w\u00e4re. Falls die B\u00e4ume jedoch einmal h\u00e4tten entfernt werden m\u00fcssen, h\u00e4tte die Strecke nachtr\u00e4glich einfach \u00fcberbaut werden k\u00f6nnen.<\/p><\/div><\/div><div class='clear_column'><\/div>\n<p><a href=\"http:\/\/freiewaehlerbarleben.de\/wp-content\/uploads\/2024\/05\/Planungsskizze-BreitewegSued.jpg\"><img loading=\"lazy\" decoding=\"async\" class=\"size-full wp-image-3702 aligncenter\" src=\"http:\/\/freiewaehlerbarleben.de\/wp-content\/uploads\/2024\/05\/Planungsskizze-BreitewegSued.jpg\" alt=\"\" width=\"674\" height=\"480\" srcset=\"http:\/\/freiewaehlerbarleben.de\/wp-content\/uploads\/2024\/05\/Planungsskizze-BreitewegSued.jpg 674w, http:\/\/freiewaehlerbarleben.de\/wp-content\/uploads\/2024\/05\/Planungsskizze-BreitewegSued-300x214.jpg 300w\" sizes=\"auto, (max-width: 674px) 100vw, 674px\" \/><\/a><\/p>\n","protected":false},"excerpt":{"rendered":"","protected":false},"author":3,"featured_media":0,"comment_status":"open","ping_status":"open","sticky":false,"template":"","format":"standard","meta":{"footnotes":""},"categories":[2],"tags":[140],"class_list":["post-3699","post","type-post","status-publish","format-standard","hentry","category-gemeinderat","tag-kastanien"],"_links":{"self":[{"href":"http:\/\/freiewaehlerbarleben.de\/index.php?rest_route=\/wp\/v2\/posts\/3699","targetHints":{"allow":["GET"]}}],"collection":[{"href":"http:\/\/freiewaehlerbarleben.de\/index.php?rest_route=\/wp\/v2\/posts"}],"about":[{"href":"http:\/\/freiewaehlerbarleben.de\/index.php?rest_route=\/wp\/v2\/types\/post"}],"author":[{"embeddable":true,"href":"http:\/\/freiewaehlerbarleben.de\/index.php?rest_route=\/wp\/v2\/users\/3"}],"replies":[{"embeddable":true,"href":"http:\/\/freiewaehlerbarleben.de\/index.php?rest_route=%2Fwp%2Fv2%2Fcomments&post=3699"}],"version-history":[{"count":9,"href":"http:\/\/freiewaehlerbarleben.de\/index.php?rest_route=\/wp\/v2\/posts\/3699\/revisions"}],"predecessor-version":[{"id":3718,"href":"http:\/\/freiewaehlerbarleben.de\/index.php?rest_route=\/wp\/v2\/posts\/3699\/revisions\/3718"}],"wp:attachment":[{"href":"http:\/\/freiewaehlerbarleben.de\/index.php?rest_route=%2Fwp%2Fv2%2Fmedia&parent=3699"}],"wp:term":[{"taxonomy":"category","embeddable":true,"href":"http:\/\/freiewaehlerbarleben.de\/index.php?rest_route=%2Fwp%2Fv2%2Fcategories&post=3699"},{"taxonomy":"post_tag","embeddable":true,"href":"http:\/\/freiewaehlerbarleben.de\/index.php?rest_route=%2Fwp%2Fv2%2Ftags&post=3699"}],"curies":[{"name":"wp","href":"https:\/\/api.w.org\/{rel}","templated":true}]}}