{"id":925,"date":"2010-10-22T22:29:26","date_gmt":"2010-10-22T20:29:26","guid":{"rendered":"http:\/\/xn--freiewhlerbarleben-qtb.de\/blog\/?p=925"},"modified":"2010-10-22T22:29:26","modified_gmt":"2010-10-22T20:29:26","slug":"beitragsfreies-letztes-kindergartenjahr-in-barleben","status":"publish","type":"post","link":"http:\/\/freiewaehlerbarleben.de\/?p=925","title":{"rendered":"Beitragsfreies letztes Kindergartenjahr in Barleben?"},"content":{"rendered":"<p>Dieses Ziel wurde in der letzten Versammlung unserer B\u00fcrgergemeinschaft \u201eFreie W\u00e4hler\u201c formuliert. Zur Umsetzung stellte unsere Fraktion in der Gemeinderatssitzung am 21.10.2010 folgenden Antrag:<\/p>\n<blockquote><p><strong>Antragstext<\/strong>:<\/p>\n<p>Beitragsfreie Betreuung von Barleber Kindern im Vorschul-Kindergartenjahr<br \/>\n(Ber\u00fccksichtigung von ca. 80 000 \u20ac bei der Aufstellung des Haushalts 2011)<br \/>\n<strong><\/strong><\/p>\n<p><strong>Erl\u00e4uterung<\/strong>:<br \/>\nIm Zuge der Bildungsdebatte, die in Deutschland vor allem durch das durchschnittliche Abschneiden bei den internationalen PISA-Studien verst\u00e4rkt wurde, richtet sich die Aufmerksamkeit zunehmend auf den Bildungsauftrag im Kindergarten(KiGa). Fr\u00fchkindliche Bildung ist das Fundament aller weiteren Bildungsstationen. Sie ist auch ein Beitrag, die Zahl der Schulabbrecher deutlich zu verringern. Wer fr\u00fchkindliche Bildung ernst nimmt, muss jedoch allen unb\u00fcrokratisch den Zugang dazu erm\u00f6glichen. Deshalb sehen wir in der Beitragsfreiheit auch einen wesentlichen Beitrag zu mehr Chancengleichheit im Bildungssystem. Ziel der Ma\u00dfnahme ist, dass m\u00f6glichst alle Kinder schon fr\u00fch von den Bildungs- und Erziehungsangeboten in den Kinderg\u00e4rten profitieren k\u00f6nnen, wodurch der Einstieg in den Schulalltag verbessert w\u00fcrde.<\/p>\n<p><!--more--><br \/>\nNach unseren Recherchen werden Vorschulkinder auch schon in anderen Bundesl\u00e4ndern diesbez\u00fcglich unterst\u00fctzt:<\/p>\n<ul>\n<li>Rheinland-Pfalz (kostenloser KiGa),<\/li>\n<li>Niedersachsen (kostenloses letztes KiGa-Jahr) und<\/li>\n<li>Hamburg (kostenlose Basisbetreuung im letzten KiGa-Jahr).<\/li>\n<\/ul>\n<p>Eine solche Ma\u00dfnahme k\u00f6nnte unserer Meinung nach auch die Anzahl \u201eweicher Standortfaktoren\u201c in Barleben sinnvoll erg\u00e4nzen.<\/p>\n<p><strong>Absch\u00e4tzung des finanziellen Rahmens:<\/strong><br \/>\nWir gehen von 70-80 Kindern im Vorschulalter aus, daraus erg\u00e4be sich ein Finanzrahmen von etwa 80 000 \u20ac. (Die derzeitigen Elternbeitr\u00e4ge f\u00fcr eine volle Betreuung betragen 118 \u20ac in Barleben, 100 \u20ac in Ebendorf und 90 \u20ac in Meitzendorf.)<\/p><\/blockquote>\n<p><strong>Wie geht es jetzt weiter?<\/strong><br \/>\nDer Antrag m\u00fcsste vom B\u00fcrgermeister auf die Tagesordnung der n\u00e4chsten Gemeinderatssitzung gesetzt werden. Dann wird sich zeigen, ob er von der Verwaltung (= B\u00fcrgermeister) Unterst\u00fctzung erf\u00e4hrt und wie sich die anderen Gemeinder\u00e4te dazu positionieren. Wir werden ausf\u00fchrlich berichten!<\/p>\n","protected":false},"excerpt":{"rendered":"<p>Dieses Ziel wurde in der letzten Versammlung unserer B\u00fcrgergemeinschaft \u201eFreie W\u00e4hler\u201c formuliert. Zur Umsetzung stellte unsere Fraktion in der Gemeinderatssitzung am 21.10.2010 folgenden Antrag: Antragstext: Beitragsfreie Betreuung von Barleber Kindern im Vorschul-Kindergartenjahr (Ber\u00fccksichtigung von ca. 80 000 \u20ac bei der Aufstellung des Haushalts 2011) Erl\u00e4uterung: Im Zuge der Bildungsdebatte, die in Deutschland vor allem durch [&hellip;]<\/p>\n","protected":false},"author":3,"featured_media":0,"comment_status":"closed","ping_status":"open","sticky":false,"template":"","format":"standard","meta":{"footnotes":""},"categories":[2],"tags":[25,66],"class_list":["post-925","post","type-post","status-publish","format-standard","hentry","category-gemeinderat","tag-beitragsfrei","tag-kindergarten"],"_links":{"self":[{"href":"http:\/\/freiewaehlerbarleben.de\/index.php?rest_route=\/wp\/v2\/posts\/925","targetHints":{"allow":["GET"]}}],"collection":[{"href":"http:\/\/freiewaehlerbarleben.de\/index.php?rest_route=\/wp\/v2\/posts"}],"about":[{"href":"http:\/\/freiewaehlerbarleben.de\/index.php?rest_route=\/wp\/v2\/types\/post"}],"author":[{"embeddable":true,"href":"http:\/\/freiewaehlerbarleben.de\/index.php?rest_route=\/wp\/v2\/users\/3"}],"replies":[{"embeddable":true,"href":"http:\/\/freiewaehlerbarleben.de\/index.php?rest_route=%2Fwp%2Fv2%2Fcomments&post=925"}],"version-history":[{"count":0,"href":"http:\/\/freiewaehlerbarleben.de\/index.php?rest_route=\/wp\/v2\/posts\/925\/revisions"}],"wp:attachment":[{"href":"http:\/\/freiewaehlerbarleben.de\/index.php?rest_route=%2Fwp%2Fv2%2Fmedia&parent=925"}],"wp:term":[{"taxonomy":"category","embeddable":true,"href":"http:\/\/freiewaehlerbarleben.de\/index.php?rest_route=%2Fwp%2Fv2%2Fcategories&post=925"},{"taxonomy":"post_tag","embeddable":true,"href":"http:\/\/freiewaehlerbarleben.de\/index.php?rest_route=%2Fwp%2Fv2%2Ftags&post=925"}],"curies":[{"name":"wp","href":"https:\/\/api.w.org\/{rel}","templated":true}]}}