{"id":969,"date":"2010-11-20T11:07:14","date_gmt":"2010-11-20T10:07:14","guid":{"rendered":"http:\/\/xn--freiewhlerbarleben-qtb.de\/blog\/?p=969"},"modified":"2010-11-20T11:07:14","modified_gmt":"2010-11-20T10:07:14","slug":"wasser-in-den-kellern-der-ortschaft-ebendorf","status":"publish","type":"post","link":"http:\/\/freiewaehlerbarleben.de\/?p=969","title":{"rendered":"Wasser in den Kellern der Ortschaft Ebendorf"},"content":{"rendered":"<p>zum oben genannten Thema wird eine <strong>B\u00fcrgerversammlung<\/strong> stattfinden.<br \/>\nDiesen Beitrag hier betrachten wir als Aufruf an alle betroffenen B\u00fcrger, die B\u00fcrgerversammlung zur Darstellung und Diskussion des Problems zu nutzen.<\/p>\n<blockquote>\n<p style=\"text-align: center;\">Dienstag der <strong>23.11.2010<\/strong> um <strong>18.30Uhr<\/strong> im <strong>B\u00fcrgerhaus Ebendorf<\/strong><\/p>\n<\/blockquote>\n<p>Seit Mitte Mai diesen Jahres gibt es in den Kellern der Ortschaft Ebendorf verst\u00e4rkt Wasser. Auch die Gemeindeh\u00e4user und der Kindergarten bleiben nicht verschont. Diese B\u00fcrgerversammlung kl\u00e4rt in groben Schritten auf, was seit \u00fcber 70 Jahren geschehen ist, um das Wasser aus den Kellern weitestgehend fernzuhalten.<\/p>\n<p>Die betroffenen B\u00fcrger erfahren mehr \u00fcber die \u00c4nderungen seit Mai 2010. Was geschieht zurzeit? Und die wichtigste Frage: \u201eWie geht es weiter und wie k\u00f6nnen wir B\u00fcrger uns beteiligen.\u201c<\/p>\n<p>Einmalig in der Geschichte Ebendorfs, es wird durch eine ausliegende Liste erfasst, welche H\u00e4user, Stra\u00dfenz\u00fcge und Gebiete durch das Wasser betroffen sind.<\/p>\n<blockquote><p>Es laden ein:<br \/>\n<strong>Frank Hujer<\/strong> (Freie W\u00e4hler Ebendorf)<br \/>\n<strong>Wilma Wischeropp<\/strong> (Freie W\u00e4hler Ebendorf)<\/p><\/blockquote>\n<p>Hinweise und Fragen k\u00f6nnen auch vorher gerichtet werden an<\/p>\n<p>Frank Hujer<br \/>\nHinter dem Thie 12<br \/>\n39179 Ebendorf<\/p>\n<p>Telefon:\u00a0\u00a0\u00a0\u00a0\u00a0\u00a0\u00a0 039203\/ 96 90 10 (B\u00fcro)<br \/>\nE-Mail:\u00a0\u00a0\u00a0\u00a0\u00a0\u00a0\u00a0\u00a0\u00a0 frank.hujer@freiewaehlerbarleben.de<\/p>\n","protected":false},"excerpt":{"rendered":"<p>zum oben genannten Thema wird eine B\u00fcrgerversammlung stattfinden. Diesen Beitrag hier betrachten wir als Aufruf an alle betroffenen B\u00fcrger, die B\u00fcrgerversammlung zur Darstellung und Diskussion des Problems zu nutzen. Dienstag der 23.11.2010 um 18.30Uhr im B\u00fcrgerhaus Ebendorf Seit Mitte Mai diesen Jahres gibt es in den Kellern der Ortschaft Ebendorf verst\u00e4rkt Wasser. Auch die Gemeindeh\u00e4user [&hellip;]<\/p>\n","protected":false},"author":2,"featured_media":0,"comment_status":"open","ping_status":"open","sticky":false,"template":"","format":"standard","meta":{"footnotes":""},"categories":[1,5],"tags":[57],"class_list":["post-969","post","type-post","status-publish","format-standard","hentry","category-allgemein","category-or-ebendorf","tag-grundwasser"],"_links":{"self":[{"href":"http:\/\/freiewaehlerbarleben.de\/index.php?rest_route=\/wp\/v2\/posts\/969","targetHints":{"allow":["GET"]}}],"collection":[{"href":"http:\/\/freiewaehlerbarleben.de\/index.php?rest_route=\/wp\/v2\/posts"}],"about":[{"href":"http:\/\/freiewaehlerbarleben.de\/index.php?rest_route=\/wp\/v2\/types\/post"}],"author":[{"embeddable":true,"href":"http:\/\/freiewaehlerbarleben.de\/index.php?rest_route=\/wp\/v2\/users\/2"}],"replies":[{"embeddable":true,"href":"http:\/\/freiewaehlerbarleben.de\/index.php?rest_route=%2Fwp%2Fv2%2Fcomments&post=969"}],"version-history":[{"count":0,"href":"http:\/\/freiewaehlerbarleben.de\/index.php?rest_route=\/wp\/v2\/posts\/969\/revisions"}],"wp:attachment":[{"href":"http:\/\/freiewaehlerbarleben.de\/index.php?rest_route=%2Fwp%2Fv2%2Fmedia&parent=969"}],"wp:term":[{"taxonomy":"category","embeddable":true,"href":"http:\/\/freiewaehlerbarleben.de\/index.php?rest_route=%2Fwp%2Fv2%2Fcategories&post=969"},{"taxonomy":"post_tag","embeddable":true,"href":"http:\/\/freiewaehlerbarleben.de\/index.php?rest_route=%2Fwp%2Fv2%2Ftags&post=969"}],"curies":[{"name":"wp","href":"https:\/\/api.w.org\/{rel}","templated":true}]}}