{"id":981,"date":"2010-11-24T20:40:07","date_gmt":"2010-11-24T19:40:07","guid":{"rendered":"http:\/\/xn--freiewhlerbarleben-qtb.de\/blog\/?p=981"},"modified":"2013-02-24T12:12:22","modified_gmt":"2013-02-24T11:12:22","slug":"burgerversammlung-ebendorf-bilanz","status":"publish","type":"post","link":"http:\/\/freiewaehlerbarleben.de\/?p=981","title":{"rendered":"B\u00fcrgerversammlung Ebendorf &#8211; Bilanz"},"content":{"rendered":"<p style=\"text-align: justify;\">Gut 70 Besucher fanden am 23.11.1010 den Weg ins B\u00fcrgerhaus, zu der F. Hujer und W. Wischeropp eingeladen hatten. Herr Hujer gab einen kurzen historischen Abriss \u00fcber die Pumpt\u00e4tigkeit zur Absenkung des Grundwasserspiegels in Ebendorf, die schon seit 1914 vorgenommen wurde.<\/p>\n<p style=\"text-align: justify;\">Viele B\u00fcrger erweiterten die Darstellung, da hierzu ja Erfahrungen \u00fcber mehrere Generationen vorhanden sind. Aber genau diese, so der Tenor vieler B\u00fcrger, wurden bei der Baut\u00e4tigkeit der letzten 20 Jahre ignoriert, wobei die Auswirkungen jetzt sp\u00fcrbar sind. Es gab in diesem Zusammenhang auch kritische Worte zur Rekonstruktion des Kellergeschosses im Kindergarten, die (auch hier gab es keine Gegenmeinung) nie so h\u00e4tte stattfinden d\u00fcrfen. Schade dass damals, als im Ebendorfer Gemeinderat dar\u00fcber beschlossen wurde, offensichtlich niemand mit Nachdruck intervenierte.<\/p>\n<p style=\"text-align: justify;\">Dankbar waren die Anwesenden Herrn Reckler, der quasi ehrenamtlich \u00fcber 30 Jahre lang die Pumpt\u00e4tigkeit vorgenommen hatte. Er konnte auch die Stromkosten benennen (ca. 1500 \u20ac\/a), die von der Gemeinde \u00fcbernommen wurden. Allerdings wurde nun offensichtlich, am 1.1.2011 wird die Pumpt\u00e4tigkeit eingestellt. Die Gemeinde hatte schon im Mai Herrn Reckler untersagt, die Pumpen weiter zu betreiben, zwischenzeitlich wurde jedoch noch eine Kompromissl\u00f6sung bis zum Jahresende gefunden. Das NH-Hotel (Grundeigent\u00fcmer des Steinbruches) meldet dann den Elektroanschluss ab.<\/p>\n<p style=\"text-align: justify;\">Wie soll es nun weitergehen? Diesbez\u00fcglich wurden Frageb\u00f6gen (<strong><a href=\"http:\/\/www.freiewaehlerbarleben.de\/wp-content\/uploads\/2010\/11\/Wassersch\u00e4den-Ebendorf-Erfassung.pdf\" target=\"_blank\">Fragebogen hier ansehen<\/a><\/strong>) an die B\u00fcrger ausgeteilt, womit erst einmal eine Bestandsanalyse der Wassersch\u00e4den in den Haushalten vorgenommen werden soll. Die Auswertung dieser Frageb\u00f6gen wird einen \u00dcberblick \u00fcber die aktuelle Situation bringen und k\u00f6nnte sicher auch f\u00fcr ein diesbez\u00fcglich angestrebtes hydrologisches Gutachten interessant sein. Schon am Ende der Veranstaltung gab es 40 R\u00fcckmeldungen.<\/p>\n<blockquote><p>Sollten Sie als Leser auch einen Fragebogen ausf\u00fcllen und beisteuern wollen, dann k\u00f6nnen Sie diesen im Gemeindeb\u00fcro Ebendorf (039203\/60303) oder bei Frank Hujer abgeben. (Hinter dem Thie 12, 39179 Ebendorf, Tel.:039203\/969010)<\/p><\/blockquote>\n<p style=\"text-align: justify;\">Danach wollen die Freien W\u00e4hler \u00fcber den Ortschafts- und Gemeinderat beantragen, dass die Verwaltung Varianten zum weiteren Vorgehen erarbeitet. Ziel muss es sein, die Situation zu entspannen. Der n\u00e4chste Schritt wird also die am 07.12.2010 stattfindende Sitzung des Ortschaftsrates sein. Es w\u00e4re sch\u00f6n, wenn hier betroffene B\u00fcrger Anfragen stellen, um der Sache Nachdruck zu verleihen.<\/p>\n","protected":false},"excerpt":{"rendered":"<p>Gut 70 Besucher fanden am 23.11.1010 den Weg ins B\u00fcrgerhaus, zu der F. Hujer und W. Wischeropp eingeladen hatten. Herr Hujer gab einen kurzen historischen Abriss \u00fcber die Pumpt\u00e4tigkeit zur Absenkung des Grundwasserspiegels in Ebendorf, die schon seit 1914 vorgenommen wurde. Viele B\u00fcrger erweiterten die Darstellung, da hierzu ja Erfahrungen \u00fcber mehrere Generationen vorhanden sind. [&hellip;]<\/p>\n","protected":false},"author":2,"featured_media":0,"comment_status":"open","ping_status":"open","sticky":false,"template":"","format":"standard","meta":{"footnotes":""},"categories":[1,5],"tags":[37,57],"class_list":["post-981","post","type-post","status-publish","format-standard","hentry","category-allgemein","category-or-ebendorf","tag-ebendorf","tag-grundwasser"],"_links":{"self":[{"href":"http:\/\/freiewaehlerbarleben.de\/index.php?rest_route=\/wp\/v2\/posts\/981","targetHints":{"allow":["GET"]}}],"collection":[{"href":"http:\/\/freiewaehlerbarleben.de\/index.php?rest_route=\/wp\/v2\/posts"}],"about":[{"href":"http:\/\/freiewaehlerbarleben.de\/index.php?rest_route=\/wp\/v2\/types\/post"}],"author":[{"embeddable":true,"href":"http:\/\/freiewaehlerbarleben.de\/index.php?rest_route=\/wp\/v2\/users\/2"}],"replies":[{"embeddable":true,"href":"http:\/\/freiewaehlerbarleben.de\/index.php?rest_route=%2Fwp%2Fv2%2Fcomments&post=981"}],"version-history":[{"count":1,"href":"http:\/\/freiewaehlerbarleben.de\/index.php?rest_route=\/wp\/v2\/posts\/981\/revisions"}],"predecessor-version":[{"id":2232,"href":"http:\/\/freiewaehlerbarleben.de\/index.php?rest_route=\/wp\/v2\/posts\/981\/revisions\/2232"}],"wp:attachment":[{"href":"http:\/\/freiewaehlerbarleben.de\/index.php?rest_route=%2Fwp%2Fv2%2Fmedia&parent=981"}],"wp:term":[{"taxonomy":"category","embeddable":true,"href":"http:\/\/freiewaehlerbarleben.de\/index.php?rest_route=%2Fwp%2Fv2%2Fcategories&post=981"},{"taxonomy":"post_tag","embeddable":true,"href":"http:\/\/freiewaehlerbarleben.de\/index.php?rest_route=%2Fwp%2Fv2%2Ftags&post=981"}],"curies":[{"name":"wp","href":"https:\/\/api.w.org\/{rel}","templated":true}]}}