{"id":989,"date":"2010-11-28T20:39:29","date_gmt":"2010-11-28T19:39:29","guid":{"rendered":"http:\/\/xn--freiewhlerbarleben-qtb.de\/blog\/?p=989"},"modified":"2013-02-24T12:11:20","modified_gmt":"2013-02-24T11:11:20","slug":"jahrestag-fast-ubersehen","status":"publish","type":"post","link":"http:\/\/freiewaehlerbarleben.de\/?p=989","title":{"rendered":"Jahrestag fast \u00fcbersehen"},"content":{"rendered":"<p style=\"text-align: justify;\"><a href=\"http:\/\/www.freiewaehlerbarleben.de\/blogneu\/wp-content\/uploads\/2010\/11\/1j\u00e4hriges.png\"><img loading=\"lazy\" decoding=\"async\" width=\"413\" height=\"327\" class=\"aligncenter  wp-image-990\" title=\"1j\u00e4hriges\" alt=\"\" src=\"http:\/\/www.freiewaehlerbarleben.de\/wp-content\/uploads\/2010\/11\/1j\u00e4hriges.png\" srcset=\"http:\/\/freiewaehlerbarleben.de\/wp-content\/uploads\/2010\/11\/1j\u00e4hriges.png 413w, http:\/\/freiewaehlerbarleben.de\/wp-content\/uploads\/2010\/11\/1j\u00e4hriges-300x237.png 300w\" sizes=\"auto, (max-width: 413px) 100vw, 413px\" \/><\/a>Am 25.11 letzten Jahres erhielt Barleben eine weitere Quelle f\u00fcr Informationen. Ich h\u00e4tte den ersten Jahrestag doch fast \u00fcbersehen. Das w\u00e4re doch schade! Auch deshalb weil uns ja angeblich niemand liest. Wenn ich jedoch zur\u00fcckblicke dann ist die Statistik doch ganz anst\u00e4ndig:<\/p>\n<p>&#8211; <strong>60 <\/strong>Beitr\u00e4ge<br \/>\n&#8211; \u00fcber <strong>100 <\/strong>Kommentare<br \/>\n&#8211; \u00fcber <strong>30000 <\/strong>Zugriffe, ja kein Schreibfehler. Nur die meisten sind von Suchmaschinen.<br \/>\n&#8211; wie der SPAM Z\u00e4hler zeigt steuern wir hier auch auf die 200 zu. Das ist allerding nur l\u00e4stig.<br \/>\n&#8211; wieviele echte Besucher pro Tag hier reinschauen kann jeder immer in der rechte Spalte unter der \u00dcberschrift &#8222;Besucherstatistik&#8220; sehen. Spitzentag war der 10. Nov. mit <strong>65 <\/strong>identifizierten Besuchern.<\/p>\n<p>Also sehen wir zu, das wir noch mehr \u00f6ffentlich interessante Themen pr\u00e4sentieren k\u00f6nnen und im Gegensatz zu anderen deutlich teureren Medien aktuell und kritisch bleiben.<\/p>\n","protected":false},"excerpt":{"rendered":"<p>Am 25.11 letzten Jahres erhielt Barleben eine weitere Quelle f\u00fcr Informationen. Ich h\u00e4tte den ersten Jahrestag doch fast \u00fcbersehen. Das w\u00e4re doch schade! Auch deshalb weil uns ja angeblich niemand liest. Wenn ich jedoch zur\u00fcckblicke dann ist die Statistik doch ganz anst\u00e4ndig: &#8211; 60 Beitr\u00e4ge &#8211; \u00fcber 100 Kommentare &#8211; \u00fcber 30000 Zugriffe, ja kein [&hellip;]<\/p>\n","protected":false},"author":2,"featured_media":0,"comment_status":"open","ping_status":"open","sticky":false,"template":"","format":"standard","meta":{"footnotes":""},"categories":[1],"tags":[],"class_list":["post-989","post","type-post","status-publish","format-standard","hentry","category-allgemein"],"_links":{"self":[{"href":"http:\/\/freiewaehlerbarleben.de\/index.php?rest_route=\/wp\/v2\/posts\/989","targetHints":{"allow":["GET"]}}],"collection":[{"href":"http:\/\/freiewaehlerbarleben.de\/index.php?rest_route=\/wp\/v2\/posts"}],"about":[{"href":"http:\/\/freiewaehlerbarleben.de\/index.php?rest_route=\/wp\/v2\/types\/post"}],"author":[{"embeddable":true,"href":"http:\/\/freiewaehlerbarleben.de\/index.php?rest_route=\/wp\/v2\/users\/2"}],"replies":[{"embeddable":true,"href":"http:\/\/freiewaehlerbarleben.de\/index.php?rest_route=%2Fwp%2Fv2%2Fcomments&post=989"}],"version-history":[{"count":2,"href":"http:\/\/freiewaehlerbarleben.de\/index.php?rest_route=\/wp\/v2\/posts\/989\/revisions"}],"predecessor-version":[{"id":2230,"href":"http:\/\/freiewaehlerbarleben.de\/index.php?rest_route=\/wp\/v2\/posts\/989\/revisions\/2230"}],"wp:attachment":[{"href":"http:\/\/freiewaehlerbarleben.de\/index.php?rest_route=%2Fwp%2Fv2%2Fmedia&parent=989"}],"wp:term":[{"taxonomy":"category","embeddable":true,"href":"http:\/\/freiewaehlerbarleben.de\/index.php?rest_route=%2Fwp%2Fv2%2Fcategories&post=989"},{"taxonomy":"post_tag","embeddable":true,"href":"http:\/\/freiewaehlerbarleben.de\/index.php?rest_route=%2Fwp%2Fv2%2Ftags&post=989"}],"curies":[{"name":"wp","href":"https:\/\/api.w.org\/{rel}","templated":true}]}}