{"id":1296,"date":"2011-06-01T13:51:06","date_gmt":"2011-06-01T12:51:06","guid":{"rendered":"http:\/\/xn--freiewhlerbarleben-qtb.de\/blog\/?p=1296"},"modified":"2013-02-24T11:37:45","modified_gmt":"2013-02-24T10:37:45","slug":"ein-ebendorferbarleber-will-landrat-werden","status":"publish","type":"post","link":"https:\/\/freiewaehlerbarleben.de\/?p=1296","title":{"rendered":"Ein \u201eEbendorfer\/Barleber\u201c will Landrat werden"},"content":{"rendered":"<p style=\"text-align: justify;\">Zur am 10. Juli 2011 anstehenden Landratswahl f\u00fcr den Landkreis B\u00f6rde gibt es neben den Kandidaten der etablierten Parteien auch einige parteilose Bewerber f\u00fcr dieses Amt. Parteilos zu sein, bedeutet f\u00fcr die Wahl keinerlei Parteistrukturen zu nutzen und auch keine Unterst\u00fctzung durch einen Parteiapparat zu bekommen.<\/p>\n<p style=\"text-align: justify;\"><!--more-->Daraus erw\u00e4chst sp\u00e4ter die beste Gew\u00e4hr, frei von parteipolitischen Zw\u00e4ngen entscheiden zu k\u00f6nnen. Eine Kandidatur ohne die Unterst\u00fctzung einer Partei erfordert Mut, Eigeninitiative und Optimismus. Im Gegensatz zu den Kandidaten der Parteien z\u00e4hlt bei solchen Kandidaten nur deren Pers\u00f6nlichkeit. Schaffen sie es, sich entsprechend bekannt zu machen, haben sie sicherlich auch reelle Chancen.<\/p>\n<p style=\"text-align: justify;\">Nat\u00fcrlich ist der Bekanntheitsgrad das gr\u00f6\u00dfte Problem. Wenn man z.B. schon vorher in der Kommunalpolitik, in einem sehr gro\u00dfen Sportverein oder in einer Organisation (z.B. Gewerkschaft etc.) \u00f6ffentlichkeitswirksam aufgetreten ist, hat man sicherlich eine gute Startposition, ansonsten ist es jedoch schwer, gen\u00fcgend W\u00e4hlerstimmen zu bekommen. Hier gilt es alle zur Verf\u00fcgung stehenden Mittel (Medien, Internet, Netzwerke) einzusetzen.<\/p>\n<p style=\"text-align: justify;\">Dass auch ein B\u00fcrger aus der Gemeinde Barleben (genauer gesagt aus der Ortschaft Ebendorf), Herr <strong>Karsten Wallstab<\/strong>, f\u00fcr das oben genannte Amt kandidiert, unterst\u00fctzen wir und w\u00fcnschen ihm dazu viel Erfolg. Mehr \u00fcber die Person von Karsten Wallstab und seine politischen Ziele k\u00f6nnen sie unter: <a href=\"http:\/\/www.karsten-wallstab.de\" target=\"_blank\">www.karsten-wallstab.de<\/a> erfahren.<\/p>\n","protected":false},"excerpt":{"rendered":"<p>Zur am 10. Juli 2011 anstehenden Landratswahl f\u00fcr den Landkreis B\u00f6rde gibt es neben den Kandidaten der etablierten Parteien auch einige parteilose Bewerber f\u00fcr dieses Amt. Parteilos zu sein, bedeutet f\u00fcr die Wahl keinerlei Parteistrukturen zu nutzen und auch keine Unterst\u00fctzung durch einen Parteiapparat zu bekommen.<\/p>\n","protected":false},"author":3,"featured_media":0,"comment_status":"open","ping_status":"open","sticky":false,"template":"","format":"standard","meta":{"footnotes":""},"categories":[1],"tags":[70],"class_list":["post-1296","post","type-post","status-publish","format-standard","hentry","category-allgemein","tag-landrat"],"_links":{"self":[{"href":"https:\/\/freiewaehlerbarleben.de\/index.php?rest_route=\/wp\/v2\/posts\/1296","targetHints":{"allow":["GET"]}}],"collection":[{"href":"https:\/\/freiewaehlerbarleben.de\/index.php?rest_route=\/wp\/v2\/posts"}],"about":[{"href":"https:\/\/freiewaehlerbarleben.de\/index.php?rest_route=\/wp\/v2\/types\/post"}],"author":[{"embeddable":true,"href":"https:\/\/freiewaehlerbarleben.de\/index.php?rest_route=\/wp\/v2\/users\/3"}],"replies":[{"embeddable":true,"href":"https:\/\/freiewaehlerbarleben.de\/index.php?rest_route=%2Fwp%2Fv2%2Fcomments&post=1296"}],"version-history":[{"count":1,"href":"https:\/\/freiewaehlerbarleben.de\/index.php?rest_route=\/wp\/v2\/posts\/1296\/revisions"}],"predecessor-version":[{"id":2201,"href":"https:\/\/freiewaehlerbarleben.de\/index.php?rest_route=\/wp\/v2\/posts\/1296\/revisions\/2201"}],"wp:attachment":[{"href":"https:\/\/freiewaehlerbarleben.de\/index.php?rest_route=%2Fwp%2Fv2%2Fmedia&parent=1296"}],"wp:term":[{"taxonomy":"category","embeddable":true,"href":"https:\/\/freiewaehlerbarleben.de\/index.php?rest_route=%2Fwp%2Fv2%2Fcategories&post=1296"},{"taxonomy":"post_tag","embeddable":true,"href":"https:\/\/freiewaehlerbarleben.de\/index.php?rest_route=%2Fwp%2Fv2%2Ftags&post=1296"}],"curies":[{"name":"wp","href":"https:\/\/api.w.org\/{rel}","templated":true}]}}