{"id":1587,"date":"2011-11-24T21:11:40","date_gmt":"2011-11-24T20:11:40","guid":{"rendered":"http:\/\/xn--freiewhlerbarleben-qtb.de\/blog\/?p=1587"},"modified":"2013-02-24T00:20:03","modified_gmt":"2013-02-23T23:20:03","slug":"mehr-als-775-burger-dem-finanziellen-wahnsinn-verfallen","status":"publish","type":"post","link":"https:\/\/freiewaehlerbarleben.de\/?p=1587","title":{"rendered":"Mehr als 775 B\u00fcrger dem \u201efinanziellen Wahnsinn\u201c verfallen"},"content":{"rendered":"<p style=\"text-align: justify;\">Die Auswertung der Volksstimme Leserumfrage (<strong><a href=\"http:\/\/freiew\u00e4hlerbarleben.de\/wp-content\/uploads\/2011\/11\/VS-Umfrage.pdf\" target=\"_blank\">hier ansehen<\/a><\/strong>) hat unser Ansinnen zur Haushaltsdebatte 2011 (kostenloses letztes Kindergartenjahr in Barleben einf\u00fchren) (<strong><a href=\"http:\/\/freiew\u00e4hlerbarleben.de\/?p=925%20\" target=\"_blank\">hier ansehen<\/a><\/strong>) unterst\u00fctzt. \u00dcbrigens hatte danach auch die neu gew\u00e4hlte Landesregierung zun\u00e4chst \u00fcber eine solche Ma\u00dfnahme nachgedacht, sie dann aber wieder verworfen. Dies sollte uns Best\u00e4tigung sein, in dieser Richtung weiter zu agieren.<\/p>\n<p style=\"text-align: justify;\"><!--more-->Was viele Leser bei ihrem Votum vielleicht nicht wussten, war der f\u00fcr Barleben relativ geringe Finanzrahmen, den diese Ma\u00dfnahme verursacht h\u00e4tte. Unsere Kostensch\u00e4tzung ging von ca. 80 000 \u20ac im Jahr aus. Der Haushalt von Barleben hat ein Finanzvolumen von ca. 34 Mio. Euro. Wie sagte der Landrat doch k\u00fcrzlich beim Richtfest f\u00fcr die 9,1 Mio \u20ac teure Dreifeldsporthalle: \u201e\u2026wer das Geld hat, sich so etwas leisten zu k\u00f6nnen, der sollte das Geld auch f\u00fcr die Bev\u00f6lkerung des Ortes einsetzen\u201c. Mehr braucht an dieser Stelle wohl nicht gesagt zu werden.<\/p>\n<p style=\"text-align: justify;\">Die Gegenargumentation des B\u00fcrgermeisters F.-U. Keindorff in der Sitzung am 16.12.2010: \u201e<strong><span style=\"color: #ff0000;\">Das ist finanzieller Wahnsinn<\/span><\/strong>\u201c ist mir bis heute nicht klar. Anscheinend aber auch den 775 Teilnehmern der Zeitungsumfrage nicht, die dies unterst\u00fctzten. Der finanzielle Wahnsinn scheint in Barleben ganz sch\u00f6n verbreitet zu sein.<\/p>\n","protected":false},"excerpt":{"rendered":"<p>Die Auswertung der Volksstimme Leserumfrage (hier ansehen) hat unser Ansinnen zur Haushaltsdebatte 2011 (kostenloses letztes Kindergartenjahr in Barleben einf\u00fchren) (hier ansehen) unterst\u00fctzt. \u00dcbrigens hatte danach auch die neu gew\u00e4hlte Landesregierung zun\u00e4chst \u00fcber eine solche Ma\u00dfnahme nachgedacht, sie dann aber wieder verworfen. Dies sollte uns Best\u00e4tigung sein, in dieser Richtung weiter zu agieren.<\/p>\n","protected":false},"author":3,"featured_media":0,"comment_status":"open","ping_status":"open","sticky":false,"template":"","format":"standard","meta":{"footnotes":""},"categories":[2,7],"tags":[],"class_list":["post-1587","post","type-post","status-publish","format-standard","hentry","category-gemeinderat","category-pressestimmen"],"_links":{"self":[{"href":"https:\/\/freiewaehlerbarleben.de\/index.php?rest_route=\/wp\/v2\/posts\/1587","targetHints":{"allow":["GET"]}}],"collection":[{"href":"https:\/\/freiewaehlerbarleben.de\/index.php?rest_route=\/wp\/v2\/posts"}],"about":[{"href":"https:\/\/freiewaehlerbarleben.de\/index.php?rest_route=\/wp\/v2\/types\/post"}],"author":[{"embeddable":true,"href":"https:\/\/freiewaehlerbarleben.de\/index.php?rest_route=\/wp\/v2\/users\/3"}],"replies":[{"embeddable":true,"href":"https:\/\/freiewaehlerbarleben.de\/index.php?rest_route=%2Fwp%2Fv2%2Fcomments&post=1587"}],"version-history":[{"count":1,"href":"https:\/\/freiewaehlerbarleben.de\/index.php?rest_route=\/wp\/v2\/posts\/1587\/revisions"}],"predecessor-version":[{"id":2163,"href":"https:\/\/freiewaehlerbarleben.de\/index.php?rest_route=\/wp\/v2\/posts\/1587\/revisions\/2163"}],"wp:attachment":[{"href":"https:\/\/freiewaehlerbarleben.de\/index.php?rest_route=%2Fwp%2Fv2%2Fmedia&parent=1587"}],"wp:term":[{"taxonomy":"category","embeddable":true,"href":"https:\/\/freiewaehlerbarleben.de\/index.php?rest_route=%2Fwp%2Fv2%2Fcategories&post=1587"},{"taxonomy":"post_tag","embeddable":true,"href":"https:\/\/freiewaehlerbarleben.de\/index.php?rest_route=%2Fwp%2Fv2%2Ftags&post=1587"}],"curies":[{"name":"wp","href":"https:\/\/api.w.org\/{rel}","templated":true}]}}