{"id":2318,"date":"2013-04-04T22:00:05","date_gmt":"2013-04-04T21:00:05","guid":{"rendered":"http:\/\/www.freiewaehlerbarleben.de\/?p=2318"},"modified":"2013-04-05T19:26:55","modified_gmt":"2013-04-05T18:26:55","slug":"kita-ebendorf-unendliche-geschichte","status":"publish","type":"post","link":"https:\/\/freiewaehlerbarleben.de\/?p=2318","title":{"rendered":"Kita Ebendorf \u2013 (un)endliche Geschichte?"},"content":{"rendered":"<p style=\"text-align: justify;\">Genau ein Jahr ist es her, da fragten wir: \u201eMissst\u00e4nde in der Kita Ebendorf &#8211; Wie lange noch?\u201c (<a href=\"http:\/\/www.freiewaehlerbarleben.de\/?p=1867\" target=\"_blank\">hier nachlesen<\/a>) Danach, im Dezember 2012 verabschiedete der Gemeinderat (GR) den Haushaltsplan f\u00fcr das Jahr 2013 und hier wurde ein Investitionsvolumen von ca. 3 Mio. \u20ac f\u00fcr einen Kita-Neubau bereitgestellt. Wer nun dachte, damit sei eine neue Kita endlich in Sicht, wurde jetzt eines Besseren belehrt. <!--more-->Um es kurz zu machen, wenn der \u201estraffe Zeitplan\u201c der Verwaltung eingehalten werden kann, wird erst 2014 der Bautantrag f\u00fcr das neue Kita-Geb\u00e4ude gestellt. Dann rechnet man je nach Art der Realisierung noch einmal mit 1 bis 1,5 Jahren, bis zur Fertigstellung. Dies geht aus einer Beschlussvorlage zuz\u00fcglich Terminkette hervor, die in der Sitzung des GR am 4.4.2013 best\u00e4tigt wurde.<br \/>\nUnsere Fraktion hat dem Vorhaben zwar zugestimmt, mit der Zeitplanung k\u00f6nnen wir uns aber \u00fcberhaupt nicht einverstanden erkl\u00e4ren. Allerdings w\u00fcrden andere, und vielleicht auch bessere Ideen zur zeitnahen Umsetzung wahrscheinlich nur zu einer weiteren Verz\u00f6gerung des Bauvorhabens durch die Verwaltung f\u00fchren, dies hat die Vergangenheit anschaulich gezeigt.<br \/>\nDer Bau soll im Rahmen eines sogenannten PPP bzw. \u00d6PP Verfahrens realisiert werden. \u00d6ffentlich-private Partnerschaft (\u00d6PP) oder Public-private-partnership (PPP) ist die vertragliche Zusammenarbeit zwischen \u00f6ffentlicher Hand und privatrechtlich organisierten Unternehmen (Bauwirtschaft, Kreditinstitute usw.).<br \/>\nDer Bau der Barleber Sekundarschule war eines der ersten im Land diesbez\u00fcglich realisierten Vorhaben. Die <strong>Vorteile<\/strong> der Methode sind Festpreisgarantie und k\u00fcrzere Bauzeit. Die <strong>Nachteile<\/strong>: Die Gemeinde muss erst in einem Wirtschaftlichkeitsvergleich nachweisen, dass eine solche Bauweise billiger ist, als eine konventionelle Realisierung. Ein entsprechendes Gutachten der \u201eVDB-Beratungsgesellschaft f\u00fcr Beh\u00f6rden mbH\u201c lag jetzt dem GR vor und wird noch von der Kommunalaufsicht gepr\u00fcft werden. Dieses Prozedere verz\u00f6gert nat\u00fcrlich den Baubeginn. Auch sind in diesem Jahr noch weitere Beschl\u00fcsse des GR n\u00f6tig, \u00fcber die wir selbstverst\u00e4ndlich berichten werden. Im Sinne der Kinder und ihrer Eltern m\u00fcssen wir jetzt dem eingeschlagenen Weg folgen, in der Hoffnung, dass die vorgesehene Terminkette von Seiten der Verwaltung realisiert werden kann.<\/p>\n<p style=\"text-align: justify;\"><strong>Nachtrag<\/strong>:<span style=\"color: #ff0000;\"> Vorl\u00e4ufige Wirtschaftlichkeitsuntersuchung<\/span> <a href=\"http:\/\/www.freiewaehlerbarleben.de\/wp-content\/uploads\/2013\/04\/BV-0026_2013_Vorlaeufige_Wirtschaftlichkeitsuntersuchung.pdf\">hier ansehen<\/a><\/p>\n","protected":false},"excerpt":{"rendered":"<p>Genau ein Jahr ist es her, da fragten wir: \u201eMissst\u00e4nde in der Kita Ebendorf &#8211; Wie lange noch?\u201c (hier nachlesen) Danach, im Dezember 2012 verabschiedete der Gemeinderat (GR) den Haushaltsplan f\u00fcr das Jahr 2013 und hier wurde ein Investitionsvolumen von ca. 3 Mio. \u20ac f\u00fcr einen Kita-Neubau bereitgestellt. Wer nun dachte, damit sei eine neue [&hellip;]<\/p>\n","protected":false},"author":3,"featured_media":0,"comment_status":"open","ping_status":"open","sticky":false,"template":"","format":"standard","meta":{"footnotes":""},"categories":[2],"tags":[],"class_list":["post-2318","post","type-post","status-publish","format-standard","hentry","category-gemeinderat"],"_links":{"self":[{"href":"https:\/\/freiewaehlerbarleben.de\/index.php?rest_route=\/wp\/v2\/posts\/2318","targetHints":{"allow":["GET"]}}],"collection":[{"href":"https:\/\/freiewaehlerbarleben.de\/index.php?rest_route=\/wp\/v2\/posts"}],"about":[{"href":"https:\/\/freiewaehlerbarleben.de\/index.php?rest_route=\/wp\/v2\/types\/post"}],"author":[{"embeddable":true,"href":"https:\/\/freiewaehlerbarleben.de\/index.php?rest_route=\/wp\/v2\/users\/3"}],"replies":[{"embeddable":true,"href":"https:\/\/freiewaehlerbarleben.de\/index.php?rest_route=%2Fwp%2Fv2%2Fcomments&post=2318"}],"version-history":[{"count":9,"href":"https:\/\/freiewaehlerbarleben.de\/index.php?rest_route=\/wp\/v2\/posts\/2318\/revisions"}],"predecessor-version":[{"id":2324,"href":"https:\/\/freiewaehlerbarleben.de\/index.php?rest_route=\/wp\/v2\/posts\/2318\/revisions\/2324"}],"wp:attachment":[{"href":"https:\/\/freiewaehlerbarleben.de\/index.php?rest_route=%2Fwp%2Fv2%2Fmedia&parent=2318"}],"wp:term":[{"taxonomy":"category","embeddable":true,"href":"https:\/\/freiewaehlerbarleben.de\/index.php?rest_route=%2Fwp%2Fv2%2Fcategories&post=2318"},{"taxonomy":"post_tag","embeddable":true,"href":"https:\/\/freiewaehlerbarleben.de\/index.php?rest_route=%2Fwp%2Fv2%2Ftags&post=2318"}],"curies":[{"name":"wp","href":"https:\/\/api.w.org\/{rel}","templated":true}]}}