{"id":2369,"date":"2013-06-03T20:25:04","date_gmt":"2013-06-03T19:25:04","guid":{"rendered":"http:\/\/www.freiewaehlerbarleben.de\/?p=2369"},"modified":"2013-06-03T20:25:56","modified_gmt":"2013-06-03T19:25:56","slug":"burgermeister-kein-hellseher","status":"publish","type":"post","link":"https:\/\/freiewaehlerbarleben.de\/?p=2369","title":{"rendered":"B\u00fcrgermeister kein Hellseher!"},"content":{"rendered":"<p style=\"text-align: justify;\"><a href=\"http:\/\/www.freiewaehlerbarleben.de\/wp-content\/uploads\/2013\/06\/P1010837k.jpg\"><img loading=\"lazy\" decoding=\"async\" class=\"alignright  wp-image-2385\" alt=\"P1010837k\" src=\"http:\/\/www.freiewaehlerbarleben.de\/wp-content\/uploads\/2013\/06\/P1010837k-228x300.jpg\" width=\"342\" height=\"450\" srcset=\"https:\/\/freiewaehlerbarleben.de\/wp-content\/uploads\/2013\/06\/P1010837k-228x300.jpg 228w, https:\/\/freiewaehlerbarleben.de\/wp-content\/uploads\/2013\/06\/P1010837k.jpg 400w\" sizes=\"auto, (max-width: 342px) 100vw, 342px\" \/><\/a>Bestandteil eines vom Gemeinderat beschlossenen Haushaltsplanes sind die f\u00fcr das jeweilige Jahr geplanten Investitionen, inklusive der daf\u00fcr vorgesehenen Finanzmittel. Jede gr\u00f6\u00dfere Investition wird dann dem Gemeinderat zur konkreten Beschlussfassung vorgelegt. Danach werden die Projekte von der Verwaltung umgesetzt \u2013 so die Theorie. Die Praxis sieht jedoch anders aus. Obwohl daf\u00fcr im Haushalt der Jahre 2012 und 2013 jeweils ca. 11 Mio. \u20ac zur Verf\u00fcgung standen, sind in der Ortschaft Barleben seit gut einem Jahr keine gr\u00f6\u00dferen Investitionen mehr vorgenommen worden. Diesbez\u00fcglich hatte unsere Fraktion in der Gemeinderatssitzung am 30.5.2013 beim B\u00fcrgermeister (BM) nachgefragt und folgende Antworten erhalten:<\/p>\n<ul>\n<li style=\"text-align: justify;\"><strong>Stra\u00dfenausbau Breiteweg S\u00fcdabschnitt<\/strong><br \/>\n<strong><\/strong><strong> <\/strong>Der Ausbau sollte eigentlich sofort an die Bauma\u00dfnahmen des WWAZ anschlie\u00dfen.<br \/>\n<strong>Antwort<\/strong> BM zur Realisierung: \u201eBin ich Hellseher\u2026?\u201c<\/li>\n<\/ul>\n<ul>\n<li style=\"text-align: justify;\"><strong>Stra\u00dfenausbau Helldamm<br \/>\n<\/strong>Projekt aus 2011, 2012 erst wegen 950-Jahrfeier, verschoben, dann wegen T\u00e4tigkeiten des WWAZ im Breiteweg-Nord und jetzt im Breiteweg-S\u00fcd.<br \/>\n<strong>Antwort<\/strong>: Soll Ende 2013 noch angefangen werden.<br \/>\n(Winterbaustelle?)<!--more--><\/li>\n<\/ul>\n<ul>\n<li style=\"text-align: justify;\"><strong>Stra\u00dfenausbau Breiteweg Nordabschnitt<br \/>\n<\/strong>Projekt aus 2011, Rechtsstreitigkeiten wegen geplanter Baumf\u00e4llungen, Vorgang liegt beim Landesverwaltungsamt.<br \/>\n<strong>Antwort<\/strong>: Zeitplan offen.<\/li>\n<\/ul>\n<ul>\n<li style=\"text-align: justify;\"><strong>Turnraumanbau Kinderkrippe Barleben<br \/>\n<\/strong>Planung schon vor einigen Jahren, Geld im Haushalt eingestellt, bis jetzt nicht realisiert.<br \/>\n<strong>Antwort<\/strong> ?<\/li>\n<\/ul>\n<ul>\n<li style=\"text-align: justify;\"><strong>Multifunktionsgeb\u00e4ude Kindergarten Barleben<br \/>\n<\/strong>Geld seit mehreren Jahren im Haushalt eingestellt.<br \/>\n<strong>Antwort<\/strong>: soll jetzt erst noch einmal mit der neuen Leiterin und dem neuen Elternkuratorium besprochen, neu \u00fcberplant, neu beschlossen\u2026\u2026werden.<\/li>\n<\/ul>\n<ul>\n<li style=\"text-align: justify;\"><strong>Schulsportgel\u00e4nde Sportplatz Barleben<br \/>\n<\/strong>(Leichtathletikbereich f\u00fcr alle 4 Schulen) Masterplan 2012 beschlossen, Geld im Haushalt <span style=\"text-decoration: underline;\">nicht<\/span> f\u00f6rdermittelgebunden eingestellt.<br \/>\n<strong>Antwort<\/strong>: Wird auch in diesem Jahr nicht realisiert, BM will erst F\u00f6rdermittel beantragen?!<\/li>\n<\/ul>\n<ul>\n<li><strong>Fu\u00dfg\u00e4ngerbr\u00fccke in Ebendorf<br \/>\n<\/strong>Projekt aus 2012, warum bis jetzt nicht realisiert?<br \/>\n<strong>Antwort<\/strong>: keine.<\/li>\n<\/ul>\n<ul>\n<li style=\"text-align: justify;\"><strong>KiTa-Neubau Ebendorf<br \/>\n<\/strong>Projekt seit Jahren verschleppt, Geld im Haushalt 2013 eingestellt.<br \/>\n<strong>Antwort<\/strong>: wird fr\u00fchestens 2014 angefangen und 2015 beendet. Es wurde beantragt, die befristete Betriebserlaubnis (Schimmelbefall) f\u00fcr die alte KITA bis 2015 zu verl\u00e4ngern, Genehmigung liegt noch nicht vor.<\/li>\n<\/ul>\n<h2><strong>Aber:<\/strong><\/h2>\n<ul>\n<li style=\"text-align: justify;\"><strong>Schaub\u00e4ckerei Breiteweg<br \/>\n<\/strong>Kosten ca. 700 000 \u20ac, Nutzungsvertr\u00e4ge unbekannt; soll auf jeden Fall realisiert werden: immerhin gab es F\u00f6rdermittel (15 000), d.h. kostet uns \u201elediglich\u201c 685 000 \u20ac.<br \/>\n<strong>Unser Antrag<\/strong>, wenigstens zuerst Nutzungsvertr\u00e4ge vorzulegen wurde angenommen.<\/li>\n<\/ul>\n<ul>\n<li style=\"text-align: justify;\"><strong>Systemadministration der Verwaltung<br \/>\n<\/strong>(Rechner und Netzwerktechnik) Seit 2010 immer planm\u00e4\u00dfig realisiert (bis jetzt 900 000 \u20ac), geplante Gesamtinvestition: 1,6 Mio. \u20ac!<\/li>\n<\/ul>\n<p style=\"text-align: justify;\"><strong>Fazit:<\/strong> Irgendwie scheinen hier die Priorit\u00e4ten verschoben und dies kann man auch ohne hellseherischen F\u00e4higkeiten erkennen.<\/p>\n","protected":false},"excerpt":{"rendered":"<p>Bestandteil eines vom Gemeinderat beschlossenen Haushaltsplanes sind die f\u00fcr das jeweilige Jahr geplanten Investitionen, inklusive der daf\u00fcr vorgesehenen Finanzmittel. Jede gr\u00f6\u00dfere Investition wird dann dem Gemeinderat zur konkreten Beschlussfassung vorgelegt. Danach werden die Projekte von der Verwaltung umgesetzt \u2013 so die Theorie. Die Praxis sieht jedoch anders aus. Obwohl daf\u00fcr im Haushalt der Jahre 2012 [&hellip;]<\/p>\n","protected":false},"author":3,"featured_media":0,"comment_status":"open","ping_status":"open","sticky":false,"template":"","format":"standard","meta":{"footnotes":""},"categories":[2],"tags":[],"class_list":["post-2369","post","type-post","status-publish","format-standard","hentry","category-gemeinderat"],"_links":{"self":[{"href":"https:\/\/freiewaehlerbarleben.de\/index.php?rest_route=\/wp\/v2\/posts\/2369","targetHints":{"allow":["GET"]}}],"collection":[{"href":"https:\/\/freiewaehlerbarleben.de\/index.php?rest_route=\/wp\/v2\/posts"}],"about":[{"href":"https:\/\/freiewaehlerbarleben.de\/index.php?rest_route=\/wp\/v2\/types\/post"}],"author":[{"embeddable":true,"href":"https:\/\/freiewaehlerbarleben.de\/index.php?rest_route=\/wp\/v2\/users\/3"}],"replies":[{"embeddable":true,"href":"https:\/\/freiewaehlerbarleben.de\/index.php?rest_route=%2Fwp%2Fv2%2Fcomments&post=2369"}],"version-history":[{"count":21,"href":"https:\/\/freiewaehlerbarleben.de\/index.php?rest_route=\/wp\/v2\/posts\/2369\/revisions"}],"predecessor-version":[{"id":2390,"href":"https:\/\/freiewaehlerbarleben.de\/index.php?rest_route=\/wp\/v2\/posts\/2369\/revisions\/2390"}],"wp:attachment":[{"href":"https:\/\/freiewaehlerbarleben.de\/index.php?rest_route=%2Fwp%2Fv2%2Fmedia&parent=2369"}],"wp:term":[{"taxonomy":"category","embeddable":true,"href":"https:\/\/freiewaehlerbarleben.de\/index.php?rest_route=%2Fwp%2Fv2%2Fcategories&post=2369"},{"taxonomy":"post_tag","embeddable":true,"href":"https:\/\/freiewaehlerbarleben.de\/index.php?rest_route=%2Fwp%2Fv2%2Ftags&post=2369"}],"curies":[{"name":"wp","href":"https:\/\/api.w.org\/{rel}","templated":true}]}}