{"id":3030,"date":"2016-11-07T20:38:18","date_gmt":"2016-11-07T19:38:18","guid":{"rendered":"http:\/\/www.freiewaehlerbarleben.de\/?p=3030"},"modified":"2016-11-08T21:03:53","modified_gmt":"2016-11-08T20:03:53","slug":"wieder-luegen-unter-www-barleben-de","status":"publish","type":"post","link":"https:\/\/freiewaehlerbarleben.de\/?p=3030","title":{"rendered":"Wieder L\u00fcgen unter www.barleben.de"},"content":{"rendered":"<p style=\"text-align: justify;\"><a href=\"http:\/\/www.freiewaehlerbarleben.de\/wp-content\/uploads\/2016\/11\/BlogbildKlein.jpg\"><img loading=\"lazy\" decoding=\"async\" class=\"alignright wp-image-3032\" src=\"http:\/\/www.freiewaehlerbarleben.de\/wp-content\/uploads\/2016\/11\/BlogbildKlein.jpg\" alt=\"blogbildklein\" width=\"300\" height=\"400\" srcset=\"https:\/\/freiewaehlerbarleben.de\/wp-content\/uploads\/2016\/11\/BlogbildKlein.jpg 400w, https:\/\/freiewaehlerbarleben.de\/wp-content\/uploads\/2016\/11\/BlogbildKlein-225x300.jpg 225w\" sizes=\"auto, (max-width: 300px) 100vw, 300px\" \/><\/a>&#8222;Tafel und Kreide statt Tablet und Co. &#8211; Fraktion Freie W\u00e4hler\/Piraten lehnt digitale Modernisierung der Gemeinschaftsschule in Barleben ab\u201c, so die Propagandaseite des B\u00fcrgermeisters am 27.10. 2016 und auch im Amtsblatt November. Nun, wenn man keine Argumente findet, auf Fragen von Gemeinder\u00e4ten keine substantiierte Antwort wei\u00df, dann versuchen Politiker wie F.-U. Keindorff (FDP) eben diese zu diskreditieren und ein falsches Bild in der \u00d6ffentlichkeit zu verbreiten. Ganz im Sinne Platons (\u00dcberschrift):<\/p>\n<p style=\"text-align: justify;\"><strong><em>\u201cDas Weglassen der anderen H\u00e4lfte der Wahrheit ist die schlimmste Form der L\u00fcge!&#8220;<\/em><\/strong><\/p>\n<p style=\"text-align: justify;\">Ja, es ist richtig: Die Mitglieder der Fraktion FWG\/Piraten haben 2 konkreten Beschlussvorlagen zur weiteren digitalen Aufr\u00fcstung der Grund- sowie der Gemeinschaftsschule in Barleben in der Gemeinderatssitzung am 29.9.2016 nicht zugestimmt. Allerdings nicht aus dem oben konstruierten Grund! Vorausgegangen war der Antrag unserer Fraktion, die Beschlussvorlagen zur\u00fcckzustellen und zun\u00e4chst in die Fachaussch\u00fcsse zu verweisen <em>(<a href=\"http:\/\/www.freiewaehlerbarleben.de\/wp-content\/uploads\/2016\/11\/Antrag-zu-TOP21.pdf\" target=\"_blank\">hier einsehen<\/a>)<\/em>. Zu viele Fragen waren noch offen, eine verantwortungsvolle Entscheidung nicht m\u00f6glich.<\/p>\n<p style=\"text-align: justify;\">Die Fraktion FWG\/Piraten hat niemals ge\u00e4u\u00dfert, eine digitale Modernisierung der Schulen abzulehnen. Dies zu unterstellen, ist nur ein weiterer verzweifelter (aber vergeblicher) Versuch, kritische Gemeinder\u00e4te mundtot zu machen. Die nachfolgende Chronologie belegt, mit welchen unlauteren Mitteln diesbez\u00fcglich agiert wird.<\/p>\n<p><!--more--><\/p>\n<h2><u>Chronologie:<\/u><\/h2>\n<p style=\"text-align: justify;\">Am <strong>19.09.<\/strong> erhielten wir die Einladung zur Gemeinderatssitzung. Nach Durchsicht der Sitzungsunterlagen wendete sich Evelyn Br\u00e4mer mit diversen Fragen zu den TOP\u2018s \u201eErt\u00fcchtigung der Schul-IT\u201c (Kosten 300 000 \u20ac) an den Gemeinderatsvorsitzenden Ulrich Korn und bat um Kl\u00e4rung. <em>(<a href=\"http:\/\/www.freiewaehlerbarleben.de\/wp-content\/uploads\/2016\/11\/Emailsvom20.09.16Br\u00e4mer.pdf\" target=\"_blank\">hier einsehen<\/a>)<\/em>.<\/p>\n<p style=\"text-align: justify;\">Am <strong>21.09.<\/strong> antwortete dieser auf die Mail u.a. mit Verweis auf angebliche Forderungen des Landesschulamtes <em>(<a href=\"http:\/\/www.freiewaehlerbarleben.de\/wp-content\/uploads\/2016\/11\/Emailsvom21.09.16Korn.pdf\" target=\"_blank\">hier einsehen<\/a>)<\/em><em>, <\/em><em>sowie <\/em>auf die ausstehende Hauptausschusssitzung am 21.9., in der noch Fragen gestellt werden k\u00f6nnten.<\/p>\n<p style=\"text-align: justify;\">In dieser Sitzung fragte Dr. Appenrodt z.B., wer die uns vorgelegten Konzepte erarbeitet habe, da diese keine Autorenschaft tragen. Der B\u00fcrgermeister daraufhin: \u201edie Schulen\u201c. Da jedoch umfangreiches Fachwissen im IT-Bereich erkennbar war, fragte er noch einmal nach. Erst jetzt wurde seitens der Verwaltung berichtigt, dass ein von der Gemeinde beauftragter Berater die Konzepte geschrieben hatte. Auf die Nachfrage zu den angefallenen Kosten: \u201eKeine, erst wenn der Auftrag dazu erteilt wird.\u201c<\/p>\n<p style=\"text-align: justify;\">Im Nachgang der Hauptausschusssitzung verfasste Frau Br\u00e4mer einen Post auf der Facebookseite \u201eBarleben f\u00fcr Querdenker\u201c <em>(<a href=\"http:\/\/www.freiewaehlerbarleben.de\/wp-content\/uploads\/2016\/11\/FB-Post_Br\u00e4mer_22.09.16_300.000-allein-f\u00fcr-IT.pdf\" target=\"_blank\">hier einsehen<\/a>)<\/em><em>, <\/em>in dem sie sich u.a. auch kritisch dahingehend \u00e4u\u00dferte, dass die Schulzusammenlegung noch vor wenigen Monaten mit einer Kosteneinsparung begr\u00fcndet wurde, nun aber allein f\u00fcr den IT-Bereich hohe zus\u00e4tzliche Kosten anfallen.<br \/>\nDa Frau Br\u00e4mer Unstimmigkeiten in der Beschlussvorlage auffielen <em>(<a href=\"http:\/\/www.freiewaehlerbarleben.de\/wp-content\/uploads\/2016\/11\/Auszug-aus-BV0052-2016.pdf\" target=\"_blank\">hier einsehen<\/a>)<\/em>, bem\u00fchte sie sich um weitere Informationen u.a. beim Landesschulamt. Von dort bekam sie die Antwort, dass man <span style=\"color: #ff0000;\"><strong>keinesfalls <\/strong><\/span>eine IT-Ert\u00fcchtigung an den Schulen <strong>in dem von der Gemeinde konzipierten Ausma\u00df<\/strong> gefordert habe. Lediglich f\u00fcr die jetzigen Computerkabinette m\u00fcsse es mobile L\u00f6sungen geben, da diese ja zuk\u00fcnftig als Klassenr\u00e4ume genutzt werden sollen <em>(<a href=\"http:\/\/www.freiewaehlerbarleben.de\/wp-content\/uploads\/2016\/11\/A2-Stellungnahme_Landesschulamt.pdf\" target=\"_blank\">hier einsehen<\/a>)<\/em>.<br \/>\nIm Gegenteil, schulfachlich sei man insbesondere im Grundschulbereich der Meinung, dass weniger mehr ist. Es wird in diesem Zusammenhang auf Hirnforscher verwiesen, die eine <u>zu fr\u00fche und zu starke<\/u> Digitalisierung beim Lernen f\u00fcr eher nachteilig halten. Auch die Aussage auf den Internetseiten der Gemeinde und im Amtsblatt \u201c\u2026<em>Vorgaben des Landesschulamtes lassen diesbez\u00fcglich auch keine Flucht zu Tafel und Kreide zu.\u201c <\/em>ist frei erfunden. Weder kann das Schulamt dem Schultr\u00e4ger solche Vorgaben machen, noch existieren derartige Rechtsgrundlagen, war aus der Rechtsabteilung des Amtes zu erfahren!<\/p>\n<p style=\"text-align: justify;\">Am <strong>23.09.<\/strong> wendete sich Frau Br\u00e4mer erneut an den Gemeinderatsvorsitzenden (Verteiler Gemeinder\u00e4te und B\u00fcrgermeister, <a href=\"http:\/\/www.freiewaehlerbarleben.de\/wp-content\/uploads\/2016\/11\/Emailsvom23.09.16Br\u00e4mer.pdf\" target=\"_blank\">hier einsehen<\/a>) mit Verweis auf immer noch offene Fragen und den Aussagen des Landesschulamtes, die im Widerspruch zu den Aussagen der Gemeinde standen. Sie bat u.a. um Erg\u00e4nzung der Beschlussunterlagen, um eine verbindliche Stellungnahme des Landesschulamtes und um eine preiswerte Alternativvariante als Diskussionsgrundlage zum vorgelegten Konzept. Sollte dies bis zur Gemeinderatssitzung nicht m\u00f6glich sein, bat sie, die entsprechenden Beschlussvorlagen vorerst von der Tagesordnung zu nehmen.<\/p>\n<p style=\"text-align: justify;\">Erst <strong>am Sitzungstag, um 13.49 Uhr<\/strong> reagierte die Verwaltung mit einer z.T. nichtssagenden bzw. widerspr\u00fcchlichen Antwortmail an die zu dieser Zeit i.d.R. noch beruflich eingebundenen Gemeinder\u00e4te (<a href=\"http:\/\/www.freiewaehlerbarleben.de\/wp-content\/uploads\/2016\/11\/EmailGV29.09.15.pdf\">hier einsehen<\/a>). Auf der wenige Stunden sp\u00e4ter ablaufenden Gemeinderatssitzung berief sich dann der B\u00fcrgermeister darauf, dass ja alle offenen Fragen im Vorfeld beantwortet wurden und man den Beschlussvorlagen deshalb zustimmen k\u00f6nne.<\/p>\n<p>Unsere Fraktion stellte daraufhin den Antrag, diese zur\u00fcckzustellen, was abgelehnt wurde.<\/p>\n","protected":false},"excerpt":{"rendered":"<p>&#8222;Tafel und Kreide statt Tablet und Co. &#8211; Fraktion Freie W\u00e4hler\/Piraten lehnt digitale Modernisierung der Gemeinschaftsschule in Barleben ab\u201c, so die Propagandaseite des B\u00fcrgermeisters am 27.10. 2016 und auch im Amtsblatt November. Nun, wenn man keine Argumente findet, auf Fragen von Gemeinder\u00e4ten keine substantiierte Antwort wei\u00df, dann versuchen Politiker wie F.-U. Keindorff (FDP) eben diese [&hellip;]<\/p>\n","protected":false},"author":3,"featured_media":0,"comment_status":"open","ping_status":"open","sticky":false,"template":"","format":"standard","meta":{"footnotes":""},"categories":[2],"tags":[],"class_list":["post-3030","post","type-post","status-publish","format-standard","hentry","category-gemeinderat"],"_links":{"self":[{"href":"https:\/\/freiewaehlerbarleben.de\/index.php?rest_route=\/wp\/v2\/posts\/3030","targetHints":{"allow":["GET"]}}],"collection":[{"href":"https:\/\/freiewaehlerbarleben.de\/index.php?rest_route=\/wp\/v2\/posts"}],"about":[{"href":"https:\/\/freiewaehlerbarleben.de\/index.php?rest_route=\/wp\/v2\/types\/post"}],"author":[{"embeddable":true,"href":"https:\/\/freiewaehlerbarleben.de\/index.php?rest_route=\/wp\/v2\/users\/3"}],"replies":[{"embeddable":true,"href":"https:\/\/freiewaehlerbarleben.de\/index.php?rest_route=%2Fwp%2Fv2%2Fcomments&post=3030"}],"version-history":[{"count":7,"href":"https:\/\/freiewaehlerbarleben.de\/index.php?rest_route=\/wp\/v2\/posts\/3030\/revisions"}],"predecessor-version":[{"id":3046,"href":"https:\/\/freiewaehlerbarleben.de\/index.php?rest_route=\/wp\/v2\/posts\/3030\/revisions\/3046"}],"wp:attachment":[{"href":"https:\/\/freiewaehlerbarleben.de\/index.php?rest_route=%2Fwp%2Fv2%2Fmedia&parent=3030"}],"wp:term":[{"taxonomy":"category","embeddable":true,"href":"https:\/\/freiewaehlerbarleben.de\/index.php?rest_route=%2Fwp%2Fv2%2Fcategories&post=3030"},{"taxonomy":"post_tag","embeddable":true,"href":"https:\/\/freiewaehlerbarleben.de\/index.php?rest_route=%2Fwp%2Fv2%2Ftags&post=3030"}],"curies":[{"name":"wp","href":"https:\/\/api.w.org\/{rel}","templated":true}]}}