{"id":3507,"date":"2021-12-01T08:43:50","date_gmt":"2021-12-01T06:43:50","guid":{"rendered":"http:\/\/www.freiewaehlerbarleben.de\/?p=3507"},"modified":"2021-12-18T11:25:40","modified_gmt":"2021-12-18T09:25:40","slug":"abschreckende-beschriftung","status":"publish","type":"post","link":"https:\/\/freiewaehlerbarleben.de\/?p=3507","title":{"rendered":"Abschreckende Beschriftung?"},"content":{"rendered":"<p style=\"text-align: justify;\"><div class='content-column one_half'><div style=\"padding-right:10px;\"><p style=\"text-align: justify;\">In seiner Sitzung am 29.9.2016 beschloss der Gemeinderat in Barleben den technischen Fortschritt auch in der Kommunalpolitik zu nutzen. Noch transparenter, b\u00fcrgerfreundlicher, nachvollziehbarer: Seine (\u00f6ffentlichen) Sitzungen sollten als Video aufgezeichnet und im Internet (YouTube) ver\u00f6ffentlicht werden.<\/p>\n<p style=\"text-align: justify;\">So geschah es auch, zumindest einige Zeit. Aus dieser stammt auch die Beschriftung der T\u00fcr zum Ratssaal, welche die ohnehin schon geringe Anzahl der Zuschauer noch weiter zu reduzieren schien.<\/p>\n<p style=\"text-align: justify;\">W\u00e4hrend es technisch heute kein Problem darstellt, sogar eine simultane \u00dcbertragung der Sitzungen zu gew\u00e4hrleisten (so z.B. im Stadtrat von MD realisiert), ging man in Barleben wieder einen Schritt zur\u00fcck. Die letzte Videoaufzeichnung gab es 2019, danach wurden noch 2 Sitzungen als \u201eH\u00f6rspiel\u201c im Internet eingestellt und damit endete die diesbez\u00fcgliche B\u00fcrgerfreundlichkeit.<br \/><\/div><\/div><\/p>\n<div class='content-column one_half last_column'><div style=\"padding-right:0px;padding-left:10px;\"><p style=\"text-align: center;\"><a href=\"http:\/\/www.freiewaehlerbarleben.de\/wp-content\/uploads\/2021\/12\/HinweisAnDerT\u00fcr-B600H864.jpg\"><img loading=\"lazy\" decoding=\"async\" class=\"wp-image-3512 aligncenter\" src=\"http:\/\/www.freiewaehlerbarleben.de\/wp-content\/uploads\/2021\/12\/HinweisAnDerT\u00fcr-B600H864.jpg\" alt=\"\" width=\"300\" height=\"432\" srcset=\"https:\/\/freiewaehlerbarleben.de\/wp-content\/uploads\/2021\/12\/HinweisAnDerT\u00fcr-B600H864.jpg 600w, https:\/\/freiewaehlerbarleben.de\/wp-content\/uploads\/2021\/12\/HinweisAnDerT\u00fcr-B600H864-208x300.jpg 208w\" sizes=\"auto, (max-width: 300px) 100vw, 300px\" \/><\/a><\/p><\/div><\/div><div class='clear_column'><\/div>\n<p><!--more--><\/p>\n<div class='content-column one_half'><div style=\"padding-right:10px;\"><p style=\"text-align: justify;\">Woran liegt das und wie (oder \u00fcberhaupt) soll es weitergehen? Erst gab es wohl krankheitsbedingt Probleme, eine Aufzeichnung zu realisieren. Dann tagte der Gemeinderat Corona-konform in der Mittellandhalle, wo zus\u00e4tzlich noch technische Probleme hinzukamen.<\/p>\n<p>Mehrere Nachfragen unserer Fraktion wurden jedenfalls vom B\u00fcrgermeister dahingehend beantwortet, dass man an dem Problem arbeite.<\/p><\/div><\/div>\n<div class='content-column one_half last_column'><div style=\"padding-right:0px;padding-left:10px;\"><p style=\"text-align: justify;\">\u00a0Auch bei der zurzeit laufenden Diskussion zum Haushalt 2022 konnte die Verwaltung keine Auskunft geben, inwieweit Mittel zur Absicherung der Videoaufzeichnungen darin eingestellt sind. Unwillk\u00fcrlich entsteht hierbei der Eindruck, dass das Interesse an dieser Art politischer Transparenz von Seiten des B\u00fcrgermeisters erloschen scheint &#8211; warum wohl?<\/p><\/div><\/div><div class='clear_column'><\/div>\n<p>&nbsp;<\/p>\n<p>&nbsp;<\/p>\n","protected":false},"excerpt":{"rendered":"","protected":false},"author":3,"featured_media":0,"comment_status":"open","ping_status":"open","sticky":false,"template":"","format":"standard","meta":{"footnotes":""},"categories":[2],"tags":[],"class_list":["post-3507","post","type-post","status-publish","format-standard","hentry","category-gemeinderat"],"_links":{"self":[{"href":"https:\/\/freiewaehlerbarleben.de\/index.php?rest_route=\/wp\/v2\/posts\/3507","targetHints":{"allow":["GET"]}}],"collection":[{"href":"https:\/\/freiewaehlerbarleben.de\/index.php?rest_route=\/wp\/v2\/posts"}],"about":[{"href":"https:\/\/freiewaehlerbarleben.de\/index.php?rest_route=\/wp\/v2\/types\/post"}],"author":[{"embeddable":true,"href":"https:\/\/freiewaehlerbarleben.de\/index.php?rest_route=\/wp\/v2\/users\/3"}],"replies":[{"embeddable":true,"href":"https:\/\/freiewaehlerbarleben.de\/index.php?rest_route=%2Fwp%2Fv2%2Fcomments&post=3507"}],"version-history":[{"count":4,"href":"https:\/\/freiewaehlerbarleben.de\/index.php?rest_route=\/wp\/v2\/posts\/3507\/revisions"}],"predecessor-version":[{"id":3513,"href":"https:\/\/freiewaehlerbarleben.de\/index.php?rest_route=\/wp\/v2\/posts\/3507\/revisions\/3513"}],"wp:attachment":[{"href":"https:\/\/freiewaehlerbarleben.de\/index.php?rest_route=%2Fwp%2Fv2%2Fmedia&parent=3507"}],"wp:term":[{"taxonomy":"category","embeddable":true,"href":"https:\/\/freiewaehlerbarleben.de\/index.php?rest_route=%2Fwp%2Fv2%2Fcategories&post=3507"},{"taxonomy":"post_tag","embeddable":true,"href":"https:\/\/freiewaehlerbarleben.de\/index.php?rest_route=%2Fwp%2Fv2%2Ftags&post=3507"}],"curies":[{"name":"wp","href":"https:\/\/api.w.org\/{rel}","templated":true}]}}