{"id":3534,"date":"2022-02-26T07:00:08","date_gmt":"2022-02-26T05:00:08","guid":{"rendered":"http:\/\/www.freiewaehlerbarleben.de\/?p=3534"},"modified":"2022-02-25T18:36:59","modified_gmt":"2022-02-25T16:36:59","slug":"nachruf","status":"publish","type":"post","link":"https:\/\/freiewaehlerbarleben.de\/?p=3534","title":{"rendered":"Nachruf"},"content":{"rendered":"<p><a href=\"http:\/\/www.freiewaehlerbarleben.de\/wp-content\/uploads\/2022\/02\/FotoMichaelLange.jpg\"><img loading=\"lazy\" decoding=\"async\" class=\"size-full wp-image-3535 aligncenter\" src=\"http:\/\/www.freiewaehlerbarleben.de\/wp-content\/uploads\/2022\/02\/FotoMichaelLange.jpg\" alt=\"\" width=\"222\" height=\"270\" \/><\/a><\/p>\n<p style=\"text-align: center;\"><em>Die Freie W\u00e4hlergemeinschaft Barleben trauert um<\/em><\/p>\n<p style=\"text-align: center;\"><strong>Michael Lange<\/strong><\/p>\n<p style=\"text-align: center;\"><em>der am 20. Februar im Alter von nur 62 Jahren verstarb.<\/em><\/p>\n<p style=\"text-align: justify;\">Wir verlieren mit ihm nicht nur einen engagierten Kommunalpolitiker und klugen Ratgeber, sondern auch einen treuen Weggef\u00e4hrten und Freund. Sein Wirken in fast 18 Jahren Ratsarbeit war pr\u00e4gend f\u00fcr Meitzendorf und Barleben. Michaels pl\u00f6tzlicher Tod hinterl\u00e4sst eine gro\u00dfe L\u00fccke. Wir werden ihn vermissen und als einen Menschen, der sich immer f\u00fcr Gerechtigkeit und Menschlichkeit eingesetzt hat, in guter Erinnerung behalten. Unser Mitgef\u00fchl gilt seinen Angeh\u00f6rigen, denen wir unser tiefstes Beileid ausdr\u00fccken m\u00f6chten.<\/p>\n<p style=\"text-align: center;\"><strong>Freie W\u00e4hlergemeinschaft Barleben<\/strong><\/p>\n","protected":false},"excerpt":{"rendered":"<p>Die Freie W\u00e4hlergemeinschaft Barleben trauert um Michael Lange der am 20. Februar im Alter von nur 62 Jahren verstarb. Wir verlieren mit ihm nicht nur einen engagierten Kommunalpolitiker und klugen Ratgeber, sondern auch einen treuen Weggef\u00e4hrten und Freund. Sein Wirken in fast 18 Jahren Ratsarbeit war pr\u00e4gend f\u00fcr Meitzendorf und Barleben. Michaels pl\u00f6tzlicher Tod hinterl\u00e4sst [&hellip;]<\/p>\n","protected":false},"author":5,"featured_media":0,"comment_status":"open","ping_status":"open","sticky":false,"template":"","format":"standard","meta":{"footnotes":""},"categories":[1],"tags":[],"class_list":["post-3534","post","type-post","status-publish","format-standard","hentry","category-allgemein"],"_links":{"self":[{"href":"https:\/\/freiewaehlerbarleben.de\/index.php?rest_route=\/wp\/v2\/posts\/3534","targetHints":{"allow":["GET"]}}],"collection":[{"href":"https:\/\/freiewaehlerbarleben.de\/index.php?rest_route=\/wp\/v2\/posts"}],"about":[{"href":"https:\/\/freiewaehlerbarleben.de\/index.php?rest_route=\/wp\/v2\/types\/post"}],"author":[{"embeddable":true,"href":"https:\/\/freiewaehlerbarleben.de\/index.php?rest_route=\/wp\/v2\/users\/5"}],"replies":[{"embeddable":true,"href":"https:\/\/freiewaehlerbarleben.de\/index.php?rest_route=%2Fwp%2Fv2%2Fcomments&post=3534"}],"version-history":[{"count":1,"href":"https:\/\/freiewaehlerbarleben.de\/index.php?rest_route=\/wp\/v2\/posts\/3534\/revisions"}],"predecessor-version":[{"id":3536,"href":"https:\/\/freiewaehlerbarleben.de\/index.php?rest_route=\/wp\/v2\/posts\/3534\/revisions\/3536"}],"wp:attachment":[{"href":"https:\/\/freiewaehlerbarleben.de\/index.php?rest_route=%2Fwp%2Fv2%2Fmedia&parent=3534"}],"wp:term":[{"taxonomy":"category","embeddable":true,"href":"https:\/\/freiewaehlerbarleben.de\/index.php?rest_route=%2Fwp%2Fv2%2Fcategories&post=3534"},{"taxonomy":"post_tag","embeddable":true,"href":"https:\/\/freiewaehlerbarleben.de\/index.php?rest_route=%2Fwp%2Fv2%2Ftags&post=3534"}],"curies":[{"name":"wp","href":"https:\/\/api.w.org\/{rel}","templated":true}]}}