{"id":3538,"date":"2022-04-05T06:41:41","date_gmt":"2022-04-05T04:41:41","guid":{"rendered":"http:\/\/www.freiewaehlerbarleben.de\/?p=3538"},"modified":"2022-04-05T12:38:16","modified_gmt":"2022-04-05T10:38:16","slug":"kita-beitragssenkung-populismus","status":"publish","type":"post","link":"https:\/\/freiewaehlerbarleben.de\/?p=3538","title":{"rendered":"KITA-Beitragssenkung Populismus?"},"content":{"rendered":"<div class='content-column one_half'><div style=\"padding-right:10px;\"><p style=\"text-align: justify;\">Noch Ende letzten Jahres hatte unsere Fraktion aufgrund der guten Haushaltslage beantragt, die Kita-Kostenbeitragsatzung mit dem Ziel einer Reduktion der Elternbeitr\u00e4ge zu ver\u00e4ndern <a href=\"http:\/\/www.freiewaehlerbarleben.de\/wp-content\/uploads\/2022\/04\/FWB-Antrag.pdf\">(Antrag hier einsehen)<\/a>. Familien und Alleinerziehende, welche durch die Auswirkungen der Coronakrise und den explosionsartig gestiegenen Lebenshaltungskosten belastet werden, sollten von dieser Ma\u00dfnahme profitieren. Der Antrag war so allgemein gehalten, dass sich jede Fraktion mit Vorschl\u00e4gen \u00fcber eine eventuelle Summe oder \u00fcber Verschiebungen in den Kostens\u00e4tzen h\u00e4tte einbringen k\u00f6nnen. Man h\u00e4tte auch \u00fcber ein freies letztes KITA-Jahr sprechen k\u00f6nnen, um m\u00f6glichst jedes Kind zumindest einige Stunden auf eine schul\u00e4hnliche Gruppengemeinschaft vorzubereiten.<\/p><\/div><\/div>\n<div class='content-column one_half last_column'><div style=\"padding-right:0px;padding-left:10px;\"><figure id=\"attachment_3540\" aria-labelledby=\"figcaption_attachment_3540\" class=\"wp-caption aligncenter\" style=\"width: 804px\"><a href=\"http:\/\/www.freiewaehlerbarleben.de\/wp-content\/uploads\/2022\/04\/Richtfest-KITA.jpg\"><img loading=\"lazy\" decoding=\"async\" class=\"wp-image-3540 size-full\" src=\"http:\/\/www.freiewaehlerbarleben.de\/wp-content\/uploads\/2022\/04\/Richtfest-KITA.jpg\" alt=\"\" width=\"800\" height=\"600\" srcset=\"https:\/\/freiewaehlerbarleben.de\/wp-content\/uploads\/2022\/04\/Richtfest-KITA.jpg 800w, https:\/\/freiewaehlerbarleben.de\/wp-content\/uploads\/2022\/04\/Richtfest-KITA-300x225.jpg 300w, https:\/\/freiewaehlerbarleben.de\/wp-content\/uploads\/2022\/04\/Richtfest-KITA-768x576.jpg 768w\" sizes=\"auto, (max-width: 800px) 100vw, 800px\" \/><\/a><figcaption id=\"figcaption_attachment_3540\" class=\"wp-caption-text\">25.3.2022 Richtfest im neuen KITA\/Hortgeb\u00e4ude Breiteweg<\/figcaption><\/figure><\/div><\/div><div class='clear_column'><\/div>\n<p><!--more--><\/p>\n<div class='content-column one_half'><div style=\"padding-right:10px;\"><p style=\"text-align: justify;\">\u00dcberrascht waren wir, dass sich alle Fraktionen (CDU, SPD\/Linke, FDP), noch bevor die erste Ausschusssitzung zu diesem Thema stattfand, in der Presse dieser Intention total verweigerten. Begr\u00fcndung: Die Qualit\u00e4t sei bei uns sehr gut und das hat eben seinen Preis. Au\u00dferdem l\u00e4gen wir mit den Beitr\u00e4gen vergleichsweise im Mittelfeld, und das Geld sei knapp. Folgender Fakten zeigen, dass das nicht stimmt.<\/p>\n<p style=\"text-align: justify;\">Derzeit m\u00fcssen monatlich f\u00fcr einen zehnst\u00fcndigen Krippenplatz in <strong>Barleben 240 \u20ac <\/strong>gezahlt werden, in Magdeburg 150 \u20ac, Haldensleben 165 \u20ac, Rog\u00e4tz u. Colbitz 170 \u20ac, Hohe B\u00f6rde 180 \u20ac, Niedere B\u00f6rde 205 \u20ac und in Wolmirstedt 270 \u20ac. Entsprechen der Quelle \u201eMDR-Umfrage 2021\u201c <a href=\"http:\/\/www.freiewaehlerbarleben.de\/wp-content\/uploads\/2022\/04\/2022-04-05-Vergleich-Kitageb\u00fchren.pdf\">(hier einsehen)<\/a> liegen die KITA-Beitr\u00e4ge im Landesdurchschnitt f\u00fcr den o.g. Krippenplatz bei 207 \u20ac! Der Verweis auf g\u00fcnstigere Stundens\u00e4tze umliegender Kommunen wurde vom B\u00fcrgermeister F. Nase (CDU) in der Gemeinderatssitzung am 22.3.2022 sogar als \u201eunlauter\u201c bezeichnet.<\/p><\/div><\/div>\n<div class='content-column one_half last_column'><div style=\"padding-right:0px;padding-left:10px;\"><p style=\"text-align: justify;\">Auch unser Hinweis, dass die Gewerbesteuereinnahmen in Barleben Landesspitze sind, was kurz darauf auch ein Vergleich in der Volksstimme vom 28.3.2022 best\u00e4tigte <a href=\"http:\/\/www.freiewaehlerbarleben.de\/wp-content\/uploads\/2022\/04\/VS-GewerbesteuerTabelle.pdf\">(hier einsehen)<\/a>, wurde nicht gew\u00fcrdigt.<\/p>\n<p style=\"text-align: justify;\">Die politischen Priorit\u00e4ten sind bei uns eben andere! Eine Senkung der KITA-Beitr\u00e4ge zu beantragen, wurde von Seiten der SPD\/Linke gar als Populismus abgetan.<\/p>\n<p style=\"text-align: justify;\">Als am 25.3.2022 Richtfest im neuen KITA\/Hortgeb\u00e4ude Breiteweg (Umbau der alten Grundschule) stattfand, wurde ein kleines Programm von den Kindern vorgetragen. Unter anderem ein Lied von Rolf Zuckowski in dem es hei\u00dft<\/p>\n<p style=\"text-align: justify;\">\u201e<strong>Wir sind Kinder, der Stoff aus dem die Zukunft ist<\/strong>\u201c!<\/p>\n<p style=\"text-align: justify;\">Man sollte vielleicht genauer hinh\u00f6ren\u2026<\/p><\/div><\/div><div class='clear_column'><\/div>\n","protected":false},"excerpt":{"rendered":"","protected":false},"author":3,"featured_media":0,"comment_status":"open","ping_status":"open","sticky":false,"template":"","format":"standard","meta":{"footnotes":""},"categories":[2],"tags":[],"class_list":["post-3538","post","type-post","status-publish","format-standard","hentry","category-gemeinderat"],"_links":{"self":[{"href":"https:\/\/freiewaehlerbarleben.de\/index.php?rest_route=\/wp\/v2\/posts\/3538","targetHints":{"allow":["GET"]}}],"collection":[{"href":"https:\/\/freiewaehlerbarleben.de\/index.php?rest_route=\/wp\/v2\/posts"}],"about":[{"href":"https:\/\/freiewaehlerbarleben.de\/index.php?rest_route=\/wp\/v2\/types\/post"}],"author":[{"embeddable":true,"href":"https:\/\/freiewaehlerbarleben.de\/index.php?rest_route=\/wp\/v2\/users\/3"}],"replies":[{"embeddable":true,"href":"https:\/\/freiewaehlerbarleben.de\/index.php?rest_route=%2Fwp%2Fv2%2Fcomments&post=3538"}],"version-history":[{"count":11,"href":"https:\/\/freiewaehlerbarleben.de\/index.php?rest_route=\/wp\/v2\/posts\/3538\/revisions"}],"predecessor-version":[{"id":3557,"href":"https:\/\/freiewaehlerbarleben.de\/index.php?rest_route=\/wp\/v2\/posts\/3538\/revisions\/3557"}],"wp:attachment":[{"href":"https:\/\/freiewaehlerbarleben.de\/index.php?rest_route=%2Fwp%2Fv2%2Fmedia&parent=3538"}],"wp:term":[{"taxonomy":"category","embeddable":true,"href":"https:\/\/freiewaehlerbarleben.de\/index.php?rest_route=%2Fwp%2Fv2%2Fcategories&post=3538"},{"taxonomy":"post_tag","embeddable":true,"href":"https:\/\/freiewaehlerbarleben.de\/index.php?rest_route=%2Fwp%2Fv2%2Ftags&post=3538"}],"curies":[{"name":"wp","href":"https:\/\/api.w.org\/{rel}","templated":true}]}}