{"id":3559,"date":"2022-07-07T22:20:44","date_gmt":"2022-07-07T20:20:44","guid":{"rendered":"http:\/\/www.freiewaehlerbarleben.de\/?p=3559"},"modified":"2022-07-07T22:20:44","modified_gmt":"2022-07-07T20:20:44","slug":"zu-teurer-badespass","status":"publish","type":"post","link":"https:\/\/freiewaehlerbarleben.de\/?p=3559","title":{"rendered":"(zu) teurer Badespa\u00df"},"content":{"rendered":"<div class='content-column one_third'><div style=\"padding-right:10px;\"><p style=\"text-align: justify;\">Im Fr\u00fchjahr dieses Jahres wurde (f\u00f6rdermittelgest\u00fctzt) von der Gemeinde Barleben eine schwimmende Erlebnisbadelandschaft f\u00fcr den Jersleber See angeschafft (s. Bild). Mit Verwunderung haben wir nun der Presse entnommen, welche zus\u00e4tzlichen Geb\u00fchren (neben Eintritt und Parken) f\u00fcr die Benutzung daf\u00fcr erhoben werden: Sieben Euro pro Person und Stunde sowie ein Tageskartenpreis von 25 \u20ac. Dies wurde uns auch vor Ort best\u00e4tigt.<\/p><\/div><\/div>\n<div class='content-column two_third last_column'><div style=\"padding-right:0px;padding-left:10px;\"><p><a href=\"http:\/\/www.freiewaehlerbarleben.de\/wp-content\/uploads\/2022\/07\/Badeinsel.jpg\"><img loading=\"lazy\" decoding=\"async\" class=\"size-full wp-image-3560 aligncenter\" src=\"http:\/\/www.freiewaehlerbarleben.de\/wp-content\/uploads\/2022\/07\/Badeinsel.jpg\" alt=\"\" width=\"1045\" height=\"524\" srcset=\"https:\/\/freiewaehlerbarleben.de\/wp-content\/uploads\/2022\/07\/Badeinsel.jpg 1045w, https:\/\/freiewaehlerbarleben.de\/wp-content\/uploads\/2022\/07\/Badeinsel-300x150.jpg 300w, https:\/\/freiewaehlerbarleben.de\/wp-content\/uploads\/2022\/07\/Badeinsel-768x385.jpg 768w, https:\/\/freiewaehlerbarleben.de\/wp-content\/uploads\/2022\/07\/Badeinsel-1024x513.jpg 1024w\" sizes=\"auto, (max-width: 1045px) 100vw, 1045px\" \/><\/a><\/div><\/div><div class='clear_column'><\/div>\n<p><!--more--><\/p>\n<div class='content-column one_half'><div style=\"padding-right:10px;padding-left:0px;\"><p style=\"text-align: justify;\">Dar\u00fcber hinaus gab es vor Ort auch noch die Information, dass Kinder zwischen 6 und 9 Jahren zus\u00e4tzlich eine erwachsene Aufsichtsperson ben\u00f6tigen, die dann aber ebenfalls noch diesen Preis zu zahlen hat. Eine Familie mit 2 kleineren Kindern bezahlt also f\u00fcr eine einst\u00fcndige Benutzung 28 \u20ac!<\/p>\n<p><strong>Wir finden diese Preise als zu hoch angesetzt, unsozial und einer kinderfreundlichen reichen Gemeinde wie Barleben nicht w\u00fcrdig!<\/strong><\/p>\n<p style=\"text-align: justify;\">Die Zust\u00e4ndigkeit f\u00fcr Benutzungsgeb\u00fchren, auch die im Bereich Jersleber See (z.B. Eintritt, Parken, Ausleihgeb\u00fchren etc.), liegt beim Gemeinderat. \u00dcber die Geb\u00fchren f\u00fcr die Nutzung der Badelandschaft hat dieser jedoch erst aus der Zeitung erfahren. Daher ergibt sich die Frage wer das so festgelegt hat und warum der Gemeinderat nicht einbezogen wurde. Unsere Fraktion hat in der Gemeinderatssitzung am 5.7.2022 den B\u00fcrgermeister F. Nase (CDU) um Stellungnahme gebeten und hinsichtlich der kommenden Ferienwochen eine umgehende Preisreduktion beantragt.<\/p>\n<p>&nbsp;<\/p><\/div><\/div>\n<div class='content-column one_half last_column'><div style=\"padding-right:0px;padding-left:10px;\"><p style=\"text-align: justify;\">Kinder sollten maximal den halben Preis bezahlen, das sollte auch f\u00fcr erwachsene Begleitpersonen gelten. Zurzeit, so unser Eindruck vor Ort, scheint die Hauptnutzzeit der Badelandschaft nach 19 Uhr zu liegen, denn da h\u00f6rt die Geb\u00fchren- und \u00dcberwachungszeit auf.<\/p>\n<p style=\"text-align: justify;\">Nun zur Stellungnahme des B\u00fcrgermeisters: Er f\u00fchrte aus, dass er und der Objektleiter P. S\u00e4uberlich (Ortschaftsrat, FDP) diese Preise festgelegt h\u00e4tten und zwar durch Preisvergleich mit Leipzig, wo die Benutzung wohl noch teurerer w\u00e4re. \u00dcberdies h\u00e4tte man wohl schon 11 000 \u20ac damit eingenommen und niemand h\u00e4tte sich \u00fcber die Preise beschwert. Letzteres ist nicht war, etliche B\u00fcrger sind dar\u00fcber stink sauer! Es handele sich, so f\u00fchrte er weiter aus, auch nur um eine Testphase und f\u00fcr n\u00e4chstes Jahr w\u00fcrde der Gemeinderat bei der Preisgestaltung wieder mit einbezogen. F\u00fcr uns v\u00f6llig unverst\u00e4ndlich, dass dies nicht gleich geschehen ist.<\/p>\n<p>&nbsp;<\/p><\/div><\/div><div class='clear_column'><\/div>\n<p>&nbsp;<\/p>\n<p>&nbsp;<\/p>\n","protected":false},"excerpt":{"rendered":"","protected":false},"author":3,"featured_media":0,"comment_status":"open","ping_status":"open","sticky":false,"template":"","format":"standard","meta":{"footnotes":""},"categories":[2],"tags":[],"class_list":["post-3559","post","type-post","status-publish","format-standard","hentry","category-gemeinderat"],"_links":{"self":[{"href":"https:\/\/freiewaehlerbarleben.de\/index.php?rest_route=\/wp\/v2\/posts\/3559","targetHints":{"allow":["GET"]}}],"collection":[{"href":"https:\/\/freiewaehlerbarleben.de\/index.php?rest_route=\/wp\/v2\/posts"}],"about":[{"href":"https:\/\/freiewaehlerbarleben.de\/index.php?rest_route=\/wp\/v2\/types\/post"}],"author":[{"embeddable":true,"href":"https:\/\/freiewaehlerbarleben.de\/index.php?rest_route=\/wp\/v2\/users\/3"}],"replies":[{"embeddable":true,"href":"https:\/\/freiewaehlerbarleben.de\/index.php?rest_route=%2Fwp%2Fv2%2Fcomments&post=3559"}],"version-history":[{"count":3,"href":"https:\/\/freiewaehlerbarleben.de\/index.php?rest_route=\/wp\/v2\/posts\/3559\/revisions"}],"predecessor-version":[{"id":3563,"href":"https:\/\/freiewaehlerbarleben.de\/index.php?rest_route=\/wp\/v2\/posts\/3559\/revisions\/3563"}],"wp:attachment":[{"href":"https:\/\/freiewaehlerbarleben.de\/index.php?rest_route=%2Fwp%2Fv2%2Fmedia&parent=3559"}],"wp:term":[{"taxonomy":"category","embeddable":true,"href":"https:\/\/freiewaehlerbarleben.de\/index.php?rest_route=%2Fwp%2Fv2%2Fcategories&post=3559"},{"taxonomy":"post_tag","embeddable":true,"href":"https:\/\/freiewaehlerbarleben.de\/index.php?rest_route=%2Fwp%2Fv2%2Ftags&post=3559"}],"curies":[{"name":"wp","href":"https:\/\/api.w.org\/{rel}","templated":true}]}}