{"id":3571,"date":"2022-09-07T17:58:27","date_gmt":"2022-09-07T15:58:27","guid":{"rendered":"http:\/\/www.freiewaehlerbarleben.de\/?p=3571"},"modified":"2022-09-07T18:08:42","modified_gmt":"2022-09-07T16:08:42","slug":"mein-kanzlergespraech","status":"publish","type":"post","link":"https:\/\/freiewaehlerbarleben.de\/?p=3571","title":{"rendered":"Mein Kanzlergespr\u00e4ch"},"content":{"rendered":"<p style=\"text-align: justify;\"><div class='content-column two_third'><div style=\"padding-right:10px;\"><p style=\"text-align: justify;\">Bundeskanzler Olaf Scholz wollte am 25.8. 2022 in Magdeburg mit der Bev\u00f6lkerung ins Gespr\u00e4ch kommen. Eine Veranstaltung wie im brandenburgischen Neuruppin, bei der der Bundeskanzler angesichts des Pfeifkonzerts und der Sprechch\u00f6re von Gegendemonstranten kaum zu verstehen war, wollte man wohl, wie auch schon zuvor in L\u00fcbeck durch bessere Organisation vermeiden. Deshalb konnte man sich f\u00fcr diesen Dialog online bewerben, wobei 150 Personen ausgelost und in die Festung Mark eingeladen wurden. Vor der endg\u00fcltigen Einladungsbest\u00e4tigung mussten die Teilnehmer jedoch noch einen Personalfragebogen ausf\u00fcllen. Dass hierauf entsprechende Recherchen erfolgten, ist anzunehmen. Mehr als das, was der Kanzler so zu sagen hat und jeden Tag in den Medien zu verfolgen ist, interessierte mich als Teilnehmer jedoch das Prozedere. Wer wird ausgew\u00e4hlt, wer darf Fragen stellen, werden diese vorsortiert&#8230;? Hier ein Kurzbericht.<\/p><\/div><\/div><\/p>\n<div class='content-column one_third last_column'><div style=\"padding-right:0px;padding-left:10px;\"><figure id=\"attachment_3577\" aria-labelledby=\"figcaption_attachment_3577\" class=\"wp-caption aligncenter\" style=\"width: 304px\"><a href=\"http:\/\/www.freiewaehlerbarleben.de\/wp-content\/uploads\/2022\/09\/blog-Kanzler-1.jpg\"><img loading=\"lazy\" decoding=\"async\" class=\"wp-image-3577 size-full\" src=\"http:\/\/www.freiewaehlerbarleben.de\/wp-content\/uploads\/2022\/09\/blog-Kanzler-1.jpg\" alt=\"\" width=\"300\" height=\"416\" srcset=\"https:\/\/freiewaehlerbarleben.de\/wp-content\/uploads\/2022\/09\/blog-Kanzler-1.jpg 300w, https:\/\/freiewaehlerbarleben.de\/wp-content\/uploads\/2022\/09\/blog-Kanzler-1-216x300.jpg 216w\" sizes=\"auto, (max-width: 300px) 100vw, 300px\" \/><\/a><figcaption id=\"figcaption_attachment_3577\" class=\"wp-caption-text\">Quelle: Volksstimme MD, 25.8.2022<\/figcaption><\/figure><\/div><\/div><div class='clear_column'><\/div>\n<p style=\"text-align: justify;\"><!--more--><\/p>\n<p style=\"text-align: justify;\"><div class='content-column one_half'><div style=\"padding-right:10px;padding-left:0px;\"><p style=\"text-align: justify;\">Die Stadt Richtung Elbbr\u00fccke verstopft, N\u00e4he Festung Mark Gro\u00dfaufgebot an Polizei, Menschenansammlungen und Sprechch\u00f6re (\u201eScholz muss weg\u201c\u2026und \u00c4hnliches). Mehrfache Kontrolle von Einladung und Personalien: am Eingang Parkplatz, am Parkweg, vor dem Geb\u00e4udeeingang und mit Sicherheitskabine im Eingangsbereich. Danach gab es ein Umh\u00e4ngeschild mit Namen. Drinnen Kaffee, Kuchen und Getr\u00e4nke, kurzer Austausch mit anderen Teilnehmern, wie sie zu der Einladung kamen.<\/p>\n<p style=\"text-align: justify;\">Es erfolgte Platzierung: Man wollte einen gemischten Eindruck vermitteln; M\u00e4nner, Frauen, alle Altersgruppen, leere St\u00fchle wurden weggestellt. Dann Einweisung durch die Moderatorin: Bitte Handys ausschalten, Klatschen, wenn der Kanzler kommt und ihn mit \u201eHerr Bundeskanzler\u201c ansprechen, Namen und Wohnort nennen\u2026Die Veranstaltung w\u00fcrde live \u00fcbertragen und sei sp\u00e4ter in der Mediathek des Bundestages abrufbar (immer noch laute Sprechch\u00f6re von drau\u00dfen). \u201eNur zur Probe, wollen wir mal \u00fcben\u2026 Wer hat den Fragen an den Bundeskanzler?\u201c Etwa zwei Drittel melden sich. \u201eWenn ich sage, z.B. der Herr da im\u2026 dann kommt das Mikrofon, nun Herr\u2026was wollen sie denn fragen?\u201c Sehr subtil wurde hier ganz offensichtlich schon vorgef\u00fchlt, wer sich wie und zu welchem Thema artikuliert und viele dieser Personen wurden sp\u00e4ter auch als Fragende ausgew\u00e4hlt. Es gab aber auch Clevere, die sagten \u201edas werde ich dann den Bundeskanzler schon fragen\u201c, die Sache also durchschauten!<\/p><\/div><\/div><\/p>\n<div class='content-column one_half last_column'><div style=\"padding-right:0px;padding-left:10px;\"><p style=\"text-align: justify;\">Der Kanzler kam, dann 90 min. Fragen und Antworten. Tenor: Es ist alles sehr schwierig, in der Koalition muss man auf die Anderen R\u00fccksicht nehmen, wir werden Allen helfen (nur wie, wurde nicht gesagt, also das \u00fcbliche)! Meine Frage war sinngem\u00e4\u00df, warum Hundefutter mit 7 % Mehrwertsteuer belegt ist, aber Babynahrung mit 19 % und ob das etwas \u00fcber die Wertigkeit der auf sie abzielenden Lebewesen zu tun hat. Antwort ehrlich: kein Mensch verstehe das Mehrwertsteuersystem, er auch nicht, aber als sie das mal \u00e4ndern wollten, gab es so viele verschiedenen W\u00fcnsche, dass es zu Schluss so blieb wie bisher und so wird es wohl auch noch l\u00e4nger bleiben. Meine Vermutung: Die Lobby von Hunde- und Katzenhaltern ist gr\u00f6\u00dfer als die, junger Eltern &#8211; f\u00fcr mich ein Politikum!<\/p>\n<p style=\"text-align: justify;\">Nach der Veranstaltung gab es noch einen Fototermin, der Kanzler mir gegen\u00fcber schlagfertig, freundlich und nicht abgehoben. Der Abgang der G\u00e4ste zum Parkplatz, vorbei an der teils br\u00fcllenden Menge (Volksverr\u00e4ter etc\u2026), die z.T. auch Videos machte war sehr unangenehm, Eskalationen angesichts der Polizei gab es aber nicht.<\/p>\n<p style=\"text-align: justify;\">Fazit: Olaf Scholz ist m.E. niemand, der auf den Tisch haut und \u201ebasta\u201c sagt, sondern jemand, der sich freundlich l\u00e4chelnd auch durch die unangenehmsten Situationen laviert. Ob das und die jetzt angek\u00fcndigten neuen Entlastungspakete ausreichen, angek\u00fcndigte Proteste f\u00fcr den Herbst zu verhindern. bleibt offen.<\/p><\/div><\/div><div class='clear_column'><\/div>\n","protected":false},"excerpt":{"rendered":"","protected":false},"author":3,"featured_media":0,"comment_status":"open","ping_status":"open","sticky":false,"template":"","format":"standard","meta":{"footnotes":""},"categories":[1],"tags":[138],"class_list":["post-3571","post","type-post","status-publish","format-standard","hentry","category-allgemein","tag-bundeskanzler"],"_links":{"self":[{"href":"https:\/\/freiewaehlerbarleben.de\/index.php?rest_route=\/wp\/v2\/posts\/3571","targetHints":{"allow":["GET"]}}],"collection":[{"href":"https:\/\/freiewaehlerbarleben.de\/index.php?rest_route=\/wp\/v2\/posts"}],"about":[{"href":"https:\/\/freiewaehlerbarleben.de\/index.php?rest_route=\/wp\/v2\/types\/post"}],"author":[{"embeddable":true,"href":"https:\/\/freiewaehlerbarleben.de\/index.php?rest_route=\/wp\/v2\/users\/3"}],"replies":[{"embeddable":true,"href":"https:\/\/freiewaehlerbarleben.de\/index.php?rest_route=%2Fwp%2Fv2%2Fcomments&post=3571"}],"version-history":[{"count":4,"href":"https:\/\/freiewaehlerbarleben.de\/index.php?rest_route=\/wp\/v2\/posts\/3571\/revisions"}],"predecessor-version":[{"id":3579,"href":"https:\/\/freiewaehlerbarleben.de\/index.php?rest_route=\/wp\/v2\/posts\/3571\/revisions\/3579"}],"wp:attachment":[{"href":"https:\/\/freiewaehlerbarleben.de\/index.php?rest_route=%2Fwp%2Fv2%2Fmedia&parent=3571"}],"wp:term":[{"taxonomy":"category","embeddable":true,"href":"https:\/\/freiewaehlerbarleben.de\/index.php?rest_route=%2Fwp%2Fv2%2Fcategories&post=3571"},{"taxonomy":"post_tag","embeddable":true,"href":"https:\/\/freiewaehlerbarleben.de\/index.php?rest_route=%2Fwp%2Fv2%2Ftags&post=3571"}],"curies":[{"name":"wp","href":"https:\/\/api.w.org\/{rel}","templated":true}]}}